{"id":1779,"date":"2025-02-26T16:53:48","date_gmt":"2025-02-26T15:53:48","guid":{"rendered":"https:\/\/mariablazina.hr\/senza-categoria\/sdp-rovigno-togliamo-gli-occhiali-rosa-e-indossiamo-le-magliette-rosa\/"},"modified":"2025-03-11T12:49:40","modified_gmt":"2025-03-11T11:49:40","slug":"sdp-rovigno-togliamo-gli-occhiali-rosa-e-indossiamo-le-magliette-rosa","status":"publish","type":"post","link":"https:\/\/mariablazina.hr\/it\/societa-e-comunita\/sdp-rovigno-togliamo-gli-occhiali-rosa-e-indossiamo-le-magliette-rosa\/","title":{"rendered":"SDP Rovigno. Togliamo gli occhiali rosa e indossiamo le magliette rosa!"},"content":{"rendered":"\n<p>In occasione della Giornata delle magliette rosa, con cui celebriamo la lotta contro il bullismo tra coetanei, vogliamo attirare l&#8217;attenzione sul fatto che nella nostra comunit\u00e0 locale il problema della violenza tra i giovani \u00e8 estremamente trascurato. Nonostante le statistiche e i dati ufficiali mostrino un aumento dei casi, le istituzioni non danno segni di voler intraprendere alcuna azione o di riflettere sulle cause di questi eventi spiacevoli.<\/p>\n\n<p>Abbiamo contattato la sede della Polizia di Rovigno per richiedere dati ufficiali sulla situazione nell\u2019area di Rovigno. In attesa della loro risposta, riportiamo un riepilogo del numero di casi segnalati di bullismo nella Regione Istriana negli ultimi cinque anni:<\/p>\n\n<ul class=\"wp-block-list\">\n<li><strong>2020<\/strong> = 7<\/li>\n\n\n\n<li><strong>2021<\/strong> = 12<\/li>\n\n\n\n<li><strong>2022<\/strong> = 17<\/li>\n\n\n\n<li><strong>2023<\/strong> = 72<\/li>\n\n\n\n<li><strong>2024<\/strong> = 39<\/li>\n<\/ul>\n\n<p>Secondo le nostre informazioni, l&#8217;ultimo episodio spiacevole \u00e8 avvenuto proprio la scorsa settimana a Rovigno. Un ragazzo di quattordici anni \u00e8 stato aggredito fisicamente da un altro coetaneo, entrambi studenti delle scuole elementari di Rovigno. L&#8217;aggressore ha scaraventato la vittima a terra e ha continuato a colpirla con calci senza alcuna intenzione di fermarsi. Fortunatamente, un passante \u00e8 intervenuto, ponendo fine al pestaggio e fornendo aiuto al ragazzo. Nel momento in cui \u00e8 comparso un adulto, il &#8220;pubblico minorenne&#8221; si \u00e8 disperso, ed \u00e8 meglio non pensare a cosa sarebbe successo se il passante non fosse capitato l\u00ec per caso o non fosse intervenuto.<\/p>\n\n<p><p>L&#8217;ultima informazione pubblicamente disponibile su ci\u00f2 che la nostra comunit\u00e0 sta facendo per combattere la violenza tra i giovani a Rovigno risale al 2023, durante un incontro di esperti in cui il rappresentante della citt\u00e0 ha dichiarato: &#8220;&#8230;che l&#8217;ambiente di Rovigno e dell&#8217;Istria \u00e8 sempre stato noto per un maggiore livello di tolleranza e multiculturalit\u00e0&#8221;.<em> \u2026 &#8220;\u00c8 importante che tutti inviamo ai bambini il messaggio che le diversit\u00e0 non sono un handicap, ma una ricchezza. Inoltre, dobbiamo educarli, istruirli e incoraggiarli ad essere inclusivi, a evitare la discriminazione e certamente a rifiutare il bullismo tra coetanei, cos\u00ec come ogni altra forma di violenza.&#8221;<\/em><\/p><\/p>\n\n<p><p><strong>Parole belle, ma purtroppo solo vuote e prive di significato.<\/strong> Gi\u00e0 l&#8217;anno successivo (2024) sono emersi i veri atteggiamenti delle autorit\u00e0 cittadine riguardo all\u2019uso della violenza fisica come mezzo di comunicazione, alla tolleranza verso la violenza e al senso di responsabilit\u00e0 per il messaggio che con il loro esempio trasmettono ai giovani. Tutti ricordiamo l&#8217;incidente avvenuto a Rovigno la scorsa estate.<\/p><\/p>\n\n<p><p>Il 26 febbraio, come ogni ultimo mercoled\u00ec di febbraio, celebriamo la Giornata contro la violenza tra bambini e giovani. In questa occasione, invitiamo tutta Rovigno a iniziare innanzitutto a parlare apertamente di questo problema, a prendere posizioni chiare e a condannare senza esitazione gli aggressori.<strong> \u00c8 giunto il momento di sviluppare programmi seri di prevenzione e di risoluzione non violenta dei conflitti.<\/strong><\/p><\/p>\n\n<p>Invitiamo tutti i cittadini a indossare una maglietta rosa in questo giorno e a cogliere ogni opportunit\u00e0 per dimostrare alle nuove generazioni che ci prendiamo cura di loro e delle loro giovani vite.<\/p>\n\n<p><p><strong>Nei media locali, ancora oggi, nessuna parola su dati concreti per Rovigno o su azioni specifiche intraprese.<\/strong> Con questo messaggio, noi del SDP ringraziamo il cittadino responsabile che ha reagito correttamente e ha impedito un ulteriore tragico epilogo, e invitiamo le istituzioni a dedicarsi in modo pi\u00f9 approfondito e serio a questa problematica, poich\u00e9, a giudicare dagli eventi tragici, la situazione a Rovigno non \u00e8 affatto migliore rispetto ad altre realt\u00e0 di cui leggiamo nei media.<\/p><\/p>\n","protected":false},"excerpt":{"rendered":"<p>In occasione della Giornata delle magliette rosa, con cui celebriamo la lotta contro il bullismo tra coetanei, vogliamo attirare l&#8217;attenzione sul fatto che nella nostra comunit\u00e0 locale il problema della violenza tra i giovani \u00e8 estremamente trascurato. Nonostante le statistiche e i dati ufficiali mostrino un aumento dei casi, le istituzioni non danno segni di [&hellip;]<\/p>\n","protected":false},"author":2,"featured_media":1663,"comment_status":"open","ping_status":"open","sticky":false,"template":"","format":"standard","meta":{"_et_pb_use_builder":"off","_et_pb_old_content":"","_et_gb_content_width":"","footnotes":""},"categories":[263,250],"tags":[268,274,273,265,270,252,20,269,271,272,275,267,253,264,266],"class_list":["post-1779","post","type-post","status-publish","format-standard","has-post-thumbnail","hentry","category-eventi-e-celebrazioni","category-societa-e-comunita","tag-attivismo-civico","tag-coscienza-sociale","tag-educazione-giovanile","tag-giornata-della-camicia-rosa","tag-giovani-e-societa","tag-listria","tag-maria-blazina","tag-nonviolenza","tag-notizie-locali","tag-prevenzione-della-violenza","tag-protezione-dei-bambini","tag-responsabilita-delle-istituzioni","tag-rovigno","tag-sicurezza-dei-bambini","tag-violenza-tra-pari"],"yoast_head":"<!-- This site is optimized with the Yoast SEO plugin v27.5 - https:\/\/yoast.com\/product\/yoast-seo-wordpress\/ -->\n<title>SDP Rovigno. Togliamo gli occhiali rosa e indossiamo le magliette rosa! - mariablazina.hr<\/title>\n<meta name=\"robots\" content=\"index, follow, max-snippet:-1, max-image-preview:large, max-video-preview:-1\" \/>\n<link rel=\"canonical\" href=\"https:\/\/mariablazina.hr\/it\/societa-e-comunita\/sdp-rovigno-togliamo-gli-occhiali-rosa-e-indossiamo-le-magliette-rosa\/\" \/>\n<meta property=\"og:locale\" content=\"it_IT\" \/>\n<meta property=\"og:type\" content=\"article\" \/>\n<meta property=\"og:title\" content=\"SDP Rovigno. Togliamo gli occhiali rosa e indossiamo le magliette rosa! - mariablazina.hr\" \/>\n<meta property=\"og:description\" content=\"In occasione della Giornata delle magliette rosa, con cui celebriamo la lotta contro il bullismo tra coetanei, vogliamo attirare l&#8217;attenzione sul fatto che nella nostra comunit\u00e0 locale il problema della violenza tra i giovani \u00e8 estremamente trascurato. Nonostante le statistiche e i dati ufficiali mostrino un aumento dei casi, le istituzioni non danno segni di [&hellip;]\" \/>\n<meta property=\"og:url\" content=\"https:\/\/mariablazina.hr\/it\/societa-e-comunita\/sdp-rovigno-togliamo-gli-occhiali-rosa-e-indossiamo-le-magliette-rosa\/\" \/>\n<meta property=\"og:site_name\" content=\"mariablazina.hr\" \/>\n<meta property=\"article:published_time\" content=\"2025-02-26T15:53:48+00:00\" \/>\n<meta property=\"article:modified_time\" content=\"2025-03-11T11:49:40+00:00\" \/>\n<meta property=\"og:image\" content=\"https:\/\/mariablazina.hr\/wp-content\/uploads\/2025\/02\/slike-4-1.png\" \/>\n\t<meta property=\"og:image:width\" content=\"1600\" \/>\n\t<meta property=\"og:image:height\" content=\"1200\" \/>\n\t<meta property=\"og:image:type\" content=\"image\/png\" \/>\n<meta name=\"author\" content=\"Maria Bla\u017eina\" \/>\n<meta name=\"twitter:card\" content=\"summary_large_image\" \/>\n<meta name=\"twitter:label1\" content=\"Scritto da\" \/>\n\t<meta name=\"twitter:data1\" content=\"Maria Bla\u017eina\" \/>\n\t<meta name=\"twitter:label2\" content=\"Tempo di lettura stimato\" \/>\n\t<meta name=\"twitter:data2\" content=\"3 minuti\" \/>\n<script type=\"application\/ld+json\" class=\"yoast-schema-graph\">{\"@context\":\"https:\\\/\\\/schema.org\",\"@graph\":[{\"@type\":\"Article\",\"@id\":\"https:\\\/\\\/mariablazina.hr\\\/it\\\/societa-e-comunita\\\/sdp-rovigno-togliamo-gli-occhiali-rosa-e-indossiamo-le-magliette-rosa\\\/#article\",\"isPartOf\":{\"@id\":\"https:\\\/\\\/mariablazina.hr\\\/it\\\/societa-e-comunita\\\/sdp-rovigno-togliamo-gli-occhiali-rosa-e-indossiamo-le-magliette-rosa\\\/\"},\"author\":{\"name\":\"Maria Bla\u017eina\",\"@id\":\"https:\\\/\\\/mariablazina.hr\\\/it\\\/#\\\/schema\\\/person\\\/b6be7a9ec2ea74359606d8007c4eb911\"},\"headline\":\"SDP Rovigno. Togliamo gli occhiali rosa e indossiamo le magliette rosa!\",\"datePublished\":\"2025-02-26T15:53:48+00:00\",\"dateModified\":\"2025-03-11T11:49:40+00:00\",\"mainEntityOfPage\":{\"@id\":\"https:\\\/\\\/mariablazina.hr\\\/it\\\/societa-e-comunita\\\/sdp-rovigno-togliamo-gli-occhiali-rosa-e-indossiamo-le-magliette-rosa\\\/\"},\"wordCount\":552,\"commentCount\":0,\"publisher\":{\"@id\":\"https:\\\/\\\/mariablazina.hr\\\/it\\\/#\\\/schema\\\/person\\\/b6be7a9ec2ea74359606d8007c4eb911\"},\"image\":{\"@id\":\"https:\\\/\\\/mariablazina.hr\\\/it\\\/societa-e-comunita\\\/sdp-rovigno-togliamo-gli-occhiali-rosa-e-indossiamo-le-magliette-rosa\\\/#primaryimage\"},\"thumbnailUrl\":\"https:\\\/\\\/mariablazina.hr\\\/wp-content\\\/uploads\\\/2025\\\/02\\\/slike-4-1.png\",\"keywords\":[\"attivismo civico\",\"coscienza sociale\",\"educazione giovanile\",\"giornata della camicia rosa\",\"giovani e societ\u00e0\",\"L'Istria\",\"Maria Bla\u017eina\",\"nonviolenza\",\"notizie locali\",\"prevenzione della violenza\",\"protezione dei bambini\",\"responsabilit\u00e0 delle istituzioni\",\"Rovigno\",\"sicurezza dei bambini\",\"violenza tra pari\"],\"articleSection\":[\"Eventi e celebrazioni\",\"Societ\u00e0 e comunit\u00e0\"],\"inLanguage\":\"it-IT\",\"potentialAction\":[{\"@type\":\"CommentAction\",\"name\":\"Comment\",\"target\":[\"https:\\\/\\\/mariablazina.hr\\\/it\\\/societa-e-comunita\\\/sdp-rovigno-togliamo-gli-occhiali-rosa-e-indossiamo-le-magliette-rosa\\\/#respond\"]}]},{\"@type\":\"WebPage\",\"@id\":\"https:\\\/\\\/mariablazina.hr\\\/it\\\/societa-e-comunita\\\/sdp-rovigno-togliamo-gli-occhiali-rosa-e-indossiamo-le-magliette-rosa\\\/\",\"url\":\"https:\\\/\\\/mariablazina.hr\\\/it\\\/societa-e-comunita\\\/sdp-rovigno-togliamo-gli-occhiali-rosa-e-indossiamo-le-magliette-rosa\\\/\",\"name\":\"SDP Rovigno. Togliamo gli occhiali rosa e indossiamo le magliette rosa! - mariablazina.hr\",\"isPartOf\":{\"@id\":\"https:\\\/\\\/mariablazina.hr\\\/it\\\/#website\"},\"primaryImageOfPage\":{\"@id\":\"https:\\\/\\\/mariablazina.hr\\\/it\\\/societa-e-comunita\\\/sdp-rovigno-togliamo-gli-occhiali-rosa-e-indossiamo-le-magliette-rosa\\\/#primaryimage\"},\"image\":{\"@id\":\"https:\\\/\\\/mariablazina.hr\\\/it\\\/societa-e-comunita\\\/sdp-rovigno-togliamo-gli-occhiali-rosa-e-indossiamo-le-magliette-rosa\\\/#primaryimage\"},\"thumbnailUrl\":\"https:\\\/\\\/mariablazina.hr\\\/wp-content\\\/uploads\\\/2025\\\/02\\\/slike-4-1.png\",\"datePublished\":\"2025-02-26T15:53:48+00:00\",\"dateModified\":\"2025-03-11T11:49:40+00:00\",\"breadcrumb\":{\"@id\":\"https:\\\/\\\/mariablazina.hr\\\/it\\\/societa-e-comunita\\\/sdp-rovigno-togliamo-gli-occhiali-rosa-e-indossiamo-le-magliette-rosa\\\/#breadcrumb\"},\"inLanguage\":\"it-IT\",\"potentialAction\":[{\"@type\":\"ReadAction\",\"target\":[\"https:\\\/\\\/mariablazina.hr\\\/it\\\/societa-e-comunita\\\/sdp-rovigno-togliamo-gli-occhiali-rosa-e-indossiamo-le-magliette-rosa\\\/\"]}]},{\"@type\":\"ImageObject\",\"inLanguage\":\"it-IT\",\"@id\":\"https:\\\/\\\/mariablazina.hr\\\/it\\\/societa-e-comunita\\\/sdp-rovigno-togliamo-gli-occhiali-rosa-e-indossiamo-le-magliette-rosa\\\/#primaryimage\",\"url\":\"https:\\\/\\\/mariablazina.hr\\\/wp-content\\\/uploads\\\/2025\\\/02\\\/slike-4-1.png\",\"contentUrl\":\"https:\\\/\\\/mariablazina.hr\\\/wp-content\\\/uploads\\\/2025\\\/02\\\/slike-4-1.png\",\"width\":1600,\"height\":1200},{\"@type\":\"BreadcrumbList\",\"@id\":\"https:\\\/\\\/mariablazina.hr\\\/it\\\/societa-e-comunita\\\/sdp-rovigno-togliamo-gli-occhiali-rosa-e-indossiamo-le-magliette-rosa\\\/#breadcrumb\",\"itemListElement\":[{\"@type\":\"ListItem\",\"position\":1,\"name\":\"Po\u010detna stranica\",\"item\":\"https:\\\/\\\/mariablazina.hr\\\/it\\\/\"},{\"@type\":\"ListItem\",\"position\":2,\"name\":\"SDP Rovigno. Togliamo gli occhiali rosa e indossiamo le magliette rosa!\"}]},{\"@type\":\"WebSite\",\"@id\":\"https:\\\/\\\/mariablazina.hr\\\/it\\\/#website\",\"url\":\"https:\\\/\\\/mariablazina.hr\\\/it\\\/\",\"name\":\"mariablazina.hr\",\"description\":\"Slu\u017ebena stranica kandidatkinje za gradona\u010delnicu Grad Rovinja - Rovigno - Maria Bla\u017eina\",\"publisher\":{\"@id\":\"https:\\\/\\\/mariablazina.hr\\\/it\\\/#\\\/schema\\\/person\\\/b6be7a9ec2ea74359606d8007c4eb911\"},\"potentialAction\":[{\"@type\":\"SearchAction\",\"target\":{\"@type\":\"EntryPoint\",\"urlTemplate\":\"https:\\\/\\\/mariablazina.hr\\\/it\\\/?s={search_term_string}\"},\"query-input\":{\"@type\":\"PropertyValueSpecification\",\"valueRequired\":true,\"valueName\":\"search_term_string\"}}],\"inLanguage\":\"it-IT\"},{\"@type\":[\"Person\",\"Organization\"],\"@id\":\"https:\\\/\\\/mariablazina.hr\\\/it\\\/#\\\/schema\\\/person\\\/b6be7a9ec2ea74359606d8007c4eb911\",\"name\":\"Maria Bla\u017eina\",\"image\":{\"@type\":\"ImageObject\",\"inLanguage\":\"it-IT\",\"@id\":\"https:\\\/\\\/mariablazina.hr\\\/wp-content\\\/uploads\\\/2025\\\/03\\\/slika-3.1.jpg\",\"url\":\"https:\\\/\\\/mariablazina.hr\\\/wp-content\\\/uploads\\\/2025\\\/03\\\/slika-3.1.jpg\",\"contentUrl\":\"https:\\\/\\\/mariablazina.hr\\\/wp-content\\\/uploads\\\/2025\\\/03\\\/slika-3.1.jpg\",\"width\":1272,\"height\":848,\"caption\":\"Maria Bla\u017eina\"},\"logo\":{\"@id\":\"https:\\\/\\\/mariablazina.hr\\\/wp-content\\\/uploads\\\/2025\\\/03\\\/slika-3.1.jpg\"},\"sameAs\":[\"https:\\\/\\\/mariablazina.hr\\\/\"],\"url\":\"https:\\\/\\\/mariablazina.hr\\\/it\\\/author\\\/maria\\\/\"}]}<\/script>\n<!-- \/ Yoast SEO plugin. -->","yoast_head_json":{"title":"SDP Rovigno. Togliamo gli occhiali rosa e indossiamo le magliette rosa! - mariablazina.hr","robots":{"index":"index","follow":"follow","max-snippet":"max-snippet:-1","max-image-preview":"max-image-preview:large","max-video-preview":"max-video-preview:-1"},"canonical":"https:\/\/mariablazina.hr\/it\/societa-e-comunita\/sdp-rovigno-togliamo-gli-occhiali-rosa-e-indossiamo-le-magliette-rosa\/","og_locale":"it_IT","og_type":"article","og_title":"SDP Rovigno. Togliamo gli occhiali rosa e indossiamo le magliette rosa! - mariablazina.hr","og_description":"In occasione della Giornata delle magliette rosa, con cui celebriamo la lotta contro il bullismo tra coetanei, vogliamo attirare l&#8217;attenzione sul fatto che nella nostra comunit\u00e0 locale il problema della violenza tra i giovani \u00e8 estremamente trascurato. Nonostante le statistiche e i dati ufficiali mostrino un aumento dei casi, le istituzioni non danno segni di [&hellip;]","og_url":"https:\/\/mariablazina.hr\/it\/societa-e-comunita\/sdp-rovigno-togliamo-gli-occhiali-rosa-e-indossiamo-le-magliette-rosa\/","og_site_name":"mariablazina.hr","article_published_time":"2025-02-26T15:53:48+00:00","article_modified_time":"2025-03-11T11:49:40+00:00","og_image":[{"width":1600,"height":1200,"url":"https:\/\/mariablazina.hr\/wp-content\/uploads\/2025\/02\/slike-4-1.png","type":"image\/png"}],"author":"Maria Bla\u017eina","twitter_card":"summary_large_image","twitter_misc":{"Scritto da":"Maria Bla\u017eina","Tempo di lettura stimato":"3 minuti"},"schema":{"@context":"https:\/\/schema.org","@graph":[{"@type":"Article","@id":"https:\/\/mariablazina.hr\/it\/societa-e-comunita\/sdp-rovigno-togliamo-gli-occhiali-rosa-e-indossiamo-le-magliette-rosa\/#article","isPartOf":{"@id":"https:\/\/mariablazina.hr\/it\/societa-e-comunita\/sdp-rovigno-togliamo-gli-occhiali-rosa-e-indossiamo-le-magliette-rosa\/"},"author":{"name":"Maria Bla\u017eina","@id":"https:\/\/mariablazina.hr\/it\/#\/schema\/person\/b6be7a9ec2ea74359606d8007c4eb911"},"headline":"SDP Rovigno. Togliamo gli occhiali rosa e indossiamo le magliette rosa!","datePublished":"2025-02-26T15:53:48+00:00","dateModified":"2025-03-11T11:49:40+00:00","mainEntityOfPage":{"@id":"https:\/\/mariablazina.hr\/it\/societa-e-comunita\/sdp-rovigno-togliamo-gli-occhiali-rosa-e-indossiamo-le-magliette-rosa\/"},"wordCount":552,"commentCount":0,"publisher":{"@id":"https:\/\/mariablazina.hr\/it\/#\/schema\/person\/b6be7a9ec2ea74359606d8007c4eb911"},"image":{"@id":"https:\/\/mariablazina.hr\/it\/societa-e-comunita\/sdp-rovigno-togliamo-gli-occhiali-rosa-e-indossiamo-le-magliette-rosa\/#primaryimage"},"thumbnailUrl":"https:\/\/mariablazina.hr\/wp-content\/uploads\/2025\/02\/slike-4-1.png","keywords":["attivismo civico","coscienza sociale","educazione giovanile","giornata della camicia rosa","giovani e societ\u00e0","L'Istria","Maria Bla\u017eina","nonviolenza","notizie locali","prevenzione della violenza","protezione dei bambini","responsabilit\u00e0 delle istituzioni","Rovigno","sicurezza dei bambini","violenza tra pari"],"articleSection":["Eventi e celebrazioni","Societ\u00e0 e comunit\u00e0"],"inLanguage":"it-IT","potentialAction":[{"@type":"CommentAction","name":"Comment","target":["https:\/\/mariablazina.hr\/it\/societa-e-comunita\/sdp-rovigno-togliamo-gli-occhiali-rosa-e-indossiamo-le-magliette-rosa\/#respond"]}]},{"@type":"WebPage","@id":"https:\/\/mariablazina.hr\/it\/societa-e-comunita\/sdp-rovigno-togliamo-gli-occhiali-rosa-e-indossiamo-le-magliette-rosa\/","url":"https:\/\/mariablazina.hr\/it\/societa-e-comunita\/sdp-rovigno-togliamo-gli-occhiali-rosa-e-indossiamo-le-magliette-rosa\/","name":"SDP Rovigno. Togliamo gli occhiali rosa e indossiamo le magliette rosa! - mariablazina.hr","isPartOf":{"@id":"https:\/\/mariablazina.hr\/it\/#website"},"primaryImageOfPage":{"@id":"https:\/\/mariablazina.hr\/it\/societa-e-comunita\/sdp-rovigno-togliamo-gli-occhiali-rosa-e-indossiamo-le-magliette-rosa\/#primaryimage"},"image":{"@id":"https:\/\/mariablazina.hr\/it\/societa-e-comunita\/sdp-rovigno-togliamo-gli-occhiali-rosa-e-indossiamo-le-magliette-rosa\/#primaryimage"},"thumbnailUrl":"https:\/\/mariablazina.hr\/wp-content\/uploads\/2025\/02\/slike-4-1.png","datePublished":"2025-02-26T15:53:48+00:00","dateModified":"2025-03-11T11:49:40+00:00","breadcrumb":{"@id":"https:\/\/mariablazina.hr\/it\/societa-e-comunita\/sdp-rovigno-togliamo-gli-occhiali-rosa-e-indossiamo-le-magliette-rosa\/#breadcrumb"},"inLanguage":"it-IT","potentialAction":[{"@type":"ReadAction","target":["https:\/\/mariablazina.hr\/it\/societa-e-comunita\/sdp-rovigno-togliamo-gli-occhiali-rosa-e-indossiamo-le-magliette-rosa\/"]}]},{"@type":"ImageObject","inLanguage":"it-IT","@id":"https:\/\/mariablazina.hr\/it\/societa-e-comunita\/sdp-rovigno-togliamo-gli-occhiali-rosa-e-indossiamo-le-magliette-rosa\/#primaryimage","url":"https:\/\/mariablazina.hr\/wp-content\/uploads\/2025\/02\/slike-4-1.png","contentUrl":"https:\/\/mariablazina.hr\/wp-content\/uploads\/2025\/02\/slike-4-1.png","width":1600,"height":1200},{"@type":"BreadcrumbList","@id":"https:\/\/mariablazina.hr\/it\/societa-e-comunita\/sdp-rovigno-togliamo-gli-occhiali-rosa-e-indossiamo-le-magliette-rosa\/#breadcrumb","itemListElement":[{"@type":"ListItem","position":1,"name":"Po\u010detna stranica","item":"https:\/\/mariablazina.hr\/it\/"},{"@type":"ListItem","position":2,"name":"SDP Rovigno. Togliamo gli occhiali rosa e indossiamo le magliette rosa!"}]},{"@type":"WebSite","@id":"https:\/\/mariablazina.hr\/it\/#website","url":"https:\/\/mariablazina.hr\/it\/","name":"mariablazina.hr","description":"Slu\u017ebena stranica kandidatkinje za gradona\u010delnicu Grad Rovinja - Rovigno - Maria Bla\u017eina","publisher":{"@id":"https:\/\/mariablazina.hr\/it\/#\/schema\/person\/b6be7a9ec2ea74359606d8007c4eb911"},"potentialAction":[{"@type":"SearchAction","target":{"@type":"EntryPoint","urlTemplate":"https:\/\/mariablazina.hr\/it\/?s={search_term_string}"},"query-input":{"@type":"PropertyValueSpecification","valueRequired":true,"valueName":"search_term_string"}}],"inLanguage":"it-IT"},{"@type":["Person","Organization"],"@id":"https:\/\/mariablazina.hr\/it\/#\/schema\/person\/b6be7a9ec2ea74359606d8007c4eb911","name":"Maria Bla\u017eina","image":{"@type":"ImageObject","inLanguage":"it-IT","@id":"https:\/\/mariablazina.hr\/wp-content\/uploads\/2025\/03\/slika-3.1.jpg","url":"https:\/\/mariablazina.hr\/wp-content\/uploads\/2025\/03\/slika-3.1.jpg","contentUrl":"https:\/\/mariablazina.hr\/wp-content\/uploads\/2025\/03\/slika-3.1.jpg","width":1272,"height":848,"caption":"Maria Bla\u017eina"},"logo":{"@id":"https:\/\/mariablazina.hr\/wp-content\/uploads\/2025\/03\/slika-3.1.jpg"},"sameAs":["https:\/\/mariablazina.hr\/"],"url":"https:\/\/mariablazina.hr\/it\/author\/maria\/"}]}},"_links":{"self":[{"href":"https:\/\/mariablazina.hr\/it\/wp-json\/wp\/v2\/posts\/1779","targetHints":{"allow":["GET"]}}],"collection":[{"href":"https:\/\/mariablazina.hr\/it\/wp-json\/wp\/v2\/posts"}],"about":[{"href":"https:\/\/mariablazina.hr\/it\/wp-json\/wp\/v2\/types\/post"}],"author":[{"embeddable":true,"href":"https:\/\/mariablazina.hr\/it\/wp-json\/wp\/v2\/users\/2"}],"replies":[{"embeddable":true,"href":"https:\/\/mariablazina.hr\/it\/wp-json\/wp\/v2\/comments?post=1779"}],"version-history":[{"count":1,"href":"https:\/\/mariablazina.hr\/it\/wp-json\/wp\/v2\/posts\/1779\/revisions"}],"predecessor-version":[{"id":1780,"href":"https:\/\/mariablazina.hr\/it\/wp-json\/wp\/v2\/posts\/1779\/revisions\/1780"}],"wp:featuredmedia":[{"embeddable":true,"href":"https:\/\/mariablazina.hr\/it\/wp-json\/wp\/v2\/media\/1663"}],"wp:attachment":[{"href":"https:\/\/mariablazina.hr\/it\/wp-json\/wp\/v2\/media?parent=1779"}],"wp:term":[{"taxonomy":"category","embeddable":true,"href":"https:\/\/mariablazina.hr\/it\/wp-json\/wp\/v2\/categories?post=1779"},{"taxonomy":"post_tag","embeddable":true,"href":"https:\/\/mariablazina.hr\/it\/wp-json\/wp\/v2\/tags?post=1779"}],"curies":[{"name":"wp","href":"https:\/\/api.w.org\/{rel}","templated":true}]}}