{"id":1785,"date":"2025-02-19T21:12:00","date_gmt":"2025-02-19T20:12:00","guid":{"rendered":"https:\/\/mariablazina.hr\/senza-categoria\/libri-e-gatti-una-lezione-ispiratrice-alla-biblioteca-di-rovigno\/"},"modified":"2025-03-11T13:56:34","modified_gmt":"2025-03-11T12:56:34","slug":"libri-e-gatti-una-lezione-ispiratrice-alla-biblioteca-di-rovigno","status":"publish","type":"post","link":"https:\/\/mariablazina.hr\/it\/cultura-e-letteratura\/libri-e-gatti-una-lezione-ispiratrice-alla-biblioteca-di-rovigno\/","title":{"rendered":"Libri e gatti. Una lezione ispiratrice alla Biblioteca di Rovigno"},"content":{"rendered":"\n<p>Oggi ho avuto l\u2019opportunit\u00e0 di assistere a un&#8217;originale conferenza di Gracijela Mal\u010di\u0107 Pirin presso la Biblioteca Civica Matija Vla\u010di\u0107 Ilirik di Rovigno-Rovigno, dove libri e gatti si sono intrecciati in un racconto meraviglioso.<br\/><\/p>\n\n<p>Oggi ho avuto l\u2019opportunit\u00e0 di assistere a un&#8217;originale conferenza di Gracijela Mal\u010di\u0107 Pirin presso la Biblioteca Civica Matija Vla\u010di\u0107 Ilirik di Rovigno-Rovigno, dove libri e gatti si sono intrecciati in un racconto meraviglioso.<br\/><\/p>\n\n<p>Oggi ho avuto l\u2019opportunit\u00e0 di assistere a un&#8217;originale conferenza di Gracijela Mal\u010di\u0107 Pirin presso la Biblioteca Civica Matija Vla\u010di\u0107 Ilirik di Rovigno-Rovigno, dove libri e gatti si sono intrecciati in un racconto meraviglioso.<br\/><\/p>\n\n<p>Oggi ho avuto l\u2019opportunit\u00e0 di assistere a un&#8217;originale conferenza di Gracijela Mal\u010di\u0107 Pirin presso la Biblioteca Civica Matija Vla\u010di\u0107 Ilirik di Rovigno-Rovigno, dove libri e gatti si sono intrecciati in un racconto meraviglioso.<br\/><\/p>\n\n<p>Oggi ho avuto l\u2019opportunit\u00e0 di assistere a un&#8217;originale conferenza di Gracijela Mal\u010di\u0107 Pirin presso la Biblioteca Civica Matija Vla\u010di\u0107 Ilirik di Rovigno-Rovigno, dove libri e gatti si sono intrecciati in un racconto meraviglioso.<br\/><\/p>\n\n<p><\/p>\n\n<figure class=\"wp-block-gallery has-nested-images columns-default is-cropped wp-block-gallery-1 is-layout-flex wp-block-gallery-is-layout-flex\">\n<figure class=\"wp-block-image size-large\"><img decoding=\"async\" width=\"653\" height=\"1024\" data-id=\"624\" src=\"https:\/\/mariablazina.hr\/wp-content\/uploads\/2025\/02\/IMG-20250218-WA0012-653x1024.jpg\" alt=\"\" class=\"wp-image-624\" srcset=\"https:\/\/mariablazina.hr\/wp-content\/uploads\/2025\/02\/IMG-20250218-WA0012-653x1024.jpg 653w, https:\/\/mariablazina.hr\/wp-content\/uploads\/2025\/02\/IMG-20250218-WA0012-480x753.jpg 480w\" sizes=\"(min-width: 0px) and (max-width: 480px) 480px, (min-width: 481px) 653px, 100vw\" \/><\/figure>\n\n\n\n<figure class=\"wp-block-image size-large\"><img decoding=\"async\" width=\"661\" height=\"1024\" data-id=\"625\" src=\"https:\/\/mariablazina.hr\/wp-content\/uploads\/2025\/02\/IMG-20250218-WA0013-661x1024.jpg\" alt=\"\" class=\"wp-image-625\" srcset=\"https:\/\/mariablazina.hr\/wp-content\/uploads\/2025\/02\/IMG-20250218-WA0013-661x1024.jpg 661w, https:\/\/mariablazina.hr\/wp-content\/uploads\/2025\/02\/IMG-20250218-WA0013-480x744.jpg 480w\" sizes=\"(min-width: 0px) and (max-width: 480px) 480px, (min-width: 481px) 661px, 100vw\" \/><\/figure>\n\n\n\n<figure class=\"wp-block-image size-large\"><img decoding=\"async\" width=\"1024\" height=\"682\" data-id=\"626\" src=\"https:\/\/mariablazina.hr\/wp-content\/uploads\/2025\/02\/IMG-20250218-WA0014-1024x682.jpg\" alt=\"\" class=\"wp-image-626\" srcset=\"https:\/\/mariablazina.hr\/wp-content\/uploads\/2025\/02\/IMG-20250218-WA0014-980x653.jpg 980w, https:\/\/mariablazina.hr\/wp-content\/uploads\/2025\/02\/IMG-20250218-WA0014-480x320.jpg 480w\" sizes=\"(min-width: 0px) and (max-width: 480px) 480px, (min-width: 481px) and (max-width: 980px) 980px, (min-width: 981px) 1024px, 100vw\" \/><\/figure>\n\n\n\n<figure class=\"wp-block-image size-large\"><img decoding=\"async\" width=\"1024\" height=\"682\" data-id=\"627\" src=\"https:\/\/mariablazina.hr\/wp-content\/uploads\/2025\/02\/IMG-20250218-WA0015-1024x682.jpg\" alt=\"\" class=\"wp-image-627\" srcset=\"https:\/\/mariablazina.hr\/wp-content\/uploads\/2025\/02\/IMG-20250218-WA0015-980x653.jpg 980w, https:\/\/mariablazina.hr\/wp-content\/uploads\/2025\/02\/IMG-20250218-WA0015-480x320.jpg 480w\" sizes=\"(min-width: 0px) and (max-width: 480px) 480px, (min-width: 481px) and (max-width: 980px) 980px, (min-width: 981px) 1024px, 100vw\" \/><\/figure>\n\n\n\n<figure class=\"wp-block-image size-large\"><img decoding=\"async\" width=\"1024\" height=\"692\" data-id=\"628\" src=\"https:\/\/mariablazina.hr\/wp-content\/uploads\/2025\/02\/IMG-20250218-WA0016-1024x692.jpg\" alt=\"\" class=\"wp-image-628\" srcset=\"https:\/\/mariablazina.hr\/wp-content\/uploads\/2025\/02\/IMG-20250218-WA0016-980x663.jpg 980w, https:\/\/mariablazina.hr\/wp-content\/uploads\/2025\/02\/IMG-20250218-WA0016-480x325.jpg 480w\" sizes=\"(min-width: 0px) and (max-width: 480px) 480px, (min-width: 481px) and (max-width: 980px) 980px, (min-width: 981px) 1024px, 100vw\" \/><\/figure>\n\n\n\n<figure class=\"wp-block-image size-large\"><img decoding=\"async\" width=\"682\" height=\"1024\" data-id=\"629\" src=\"https:\/\/mariablazina.hr\/wp-content\/uploads\/2025\/02\/IMG-20250218-WA0017-682x1024.jpg\" alt=\"\" class=\"wp-image-629\"\/><\/figure>\n<\/figure>\n","protected":false},"excerpt":{"rendered":"<p>Oggi ho avuto l\u2019opportunit\u00e0 di assistere a un&#8217;originale conferenza di Gracijela Mal\u010di\u0107 Pirin presso la Biblioteca Civica Matija Vla\u010di\u0107 Ilirik di Rovigno-Rovigno, dove libri e gatti si sono intrecciati in un racconto meraviglioso. Oggi ho avuto l\u2019opportunit\u00e0 di assistere a un&#8217;originale conferenza di Gracijela Mal\u010di\u0107 Pirin presso la Biblioteca Civica Matija Vla\u010di\u0107 Ilirik di Rovigno-Rovigno, [&hellip;]<\/p>\n","protected":false},"author":2,"featured_media":1672,"comment_status":"open","ping_status":"open","sticky":false,"template":"","format":"standard","meta":{"_et_pb_use_builder":"off","_et_pb_old_content":"","_et_gb_content_width":"","footnotes":""},"categories":[459],"tags":[438,376,368,317,386,350,367,366,450,253,322],"class_list":["post-1785","post","type-post","status-publish","format-standard","has-post-thumbnail","hentry","category-cultura-e-letteratura","tag-adozione","tag-animali-domestici","tag-biblioteca","tag-eventi","tag-gatti","tag-ispirazione","tag-letteratura","tag-libri","tag-protezione-degli-animali","tag-rovigno","tag-societa"],"yoast_head":"<!-- This site is optimized with the Yoast SEO plugin v27.5 - https:\/\/yoast.com\/product\/yoast-seo-wordpress\/ -->\n<title>Libri e gatti. Una lezione ispiratrice alla Biblioteca di Rovigno - mariablazina.hr<\/title>\n<meta name=\"robots\" content=\"index, follow, max-snippet:-1, max-image-preview:large, max-video-preview:-1\" \/>\n<link rel=\"canonical\" href=\"https:\/\/mariablazina.hr\/it\/cultura-e-letteratura\/libri-e-gatti-una-lezione-ispiratrice-alla-biblioteca-di-rovigno\/\" \/>\n<meta property=\"og:locale\" content=\"it_IT\" \/>\n<meta property=\"og:type\" content=\"article\" \/>\n<meta property=\"og:title\" content=\"Libri e gatti. Una lezione ispiratrice alla Biblioteca di Rovigno - mariablazina.hr\" \/>\n<meta property=\"og:description\" content=\"Oggi ho avuto l\u2019opportunit\u00e0 di assistere a un&#8217;originale conferenza di Gracijela Mal\u010di\u0107 Pirin presso la Biblioteca Civica Matija Vla\u010di\u0107 Ilirik di Rovigno-Rovigno, dove libri e gatti si sono intrecciati in un racconto meraviglioso. Oggi ho avuto l\u2019opportunit\u00e0 di assistere a un&#8217;originale conferenza di Gracijela Mal\u010di\u0107 Pirin presso la Biblioteca Civica Matija Vla\u010di\u0107 Ilirik di Rovigno-Rovigno, [&hellip;]\" \/>\n<meta property=\"og:url\" content=\"https:\/\/mariablazina.hr\/it\/cultura-e-letteratura\/libri-e-gatti-una-lezione-ispiratrice-alla-biblioteca-di-rovigno\/\" \/>\n<meta property=\"og:site_name\" content=\"mariablazina.hr\" \/>\n<meta property=\"article:published_time\" content=\"2025-02-19T20:12:00+00:00\" \/>\n<meta property=\"article:modified_time\" content=\"2025-03-11T12:56:34+00:00\" \/>\n<meta property=\"og:image\" content=\"https:\/\/mariablazina.hr\/wp-content\/uploads\/2025\/02\/slike-7-1.png\" \/>\n\t<meta property=\"og:image:width\" content=\"1600\" \/>\n\t<meta property=\"og:image:height\" content=\"1200\" \/>\n\t<meta property=\"og:image:type\" content=\"image\/png\" \/>\n<meta name=\"author\" content=\"Maria Bla\u017eina\" \/>\n<meta name=\"twitter:card\" content=\"summary_large_image\" \/>\n<meta name=\"twitter:label1\" content=\"Scritto da\" \/>\n\t<meta name=\"twitter:data1\" content=\"Maria Bla\u017eina\" \/>\n\t<meta name=\"twitter:label2\" content=\"Tempo di lettura stimato\" \/>\n\t<meta name=\"twitter:data2\" content=\"1 minuto\" \/>\n<script type=\"application\/ld+json\" class=\"yoast-schema-graph\">{\"@context\":\"https:\\\/\\\/schema.org\",\"@graph\":[{\"@type\":\"Article\",\"@id\":\"https:\\\/\\\/mariablazina.hr\\\/it\\\/cultura-e-letteratura\\\/libri-e-gatti-una-lezione-ispiratrice-alla-biblioteca-di-rovigno\\\/#article\",\"isPartOf\":{\"@id\":\"https:\\\/\\\/mariablazina.hr\\\/it\\\/cultura-e-letteratura\\\/libri-e-gatti-una-lezione-ispiratrice-alla-biblioteca-di-rovigno\\\/\"},\"author\":{\"name\":\"Maria Bla\u017eina\",\"@id\":\"https:\\\/\\\/mariablazina.hr\\\/it\\\/#\\\/schema\\\/person\\\/b6be7a9ec2ea74359606d8007c4eb911\"},\"headline\":\"Libri e gatti. Una lezione ispiratrice alla Biblioteca di Rovigno\",\"datePublished\":\"2025-02-19T20:12:00+00:00\",\"dateModified\":\"2025-03-11T12:56:34+00:00\",\"mainEntityOfPage\":{\"@id\":\"https:\\\/\\\/mariablazina.hr\\\/it\\\/cultura-e-letteratura\\\/libri-e-gatti-una-lezione-ispiratrice-alla-biblioteca-di-rovigno\\\/\"},\"wordCount\":195,\"commentCount\":0,\"publisher\":{\"@id\":\"https:\\\/\\\/mariablazina.hr\\\/it\\\/#\\\/schema\\\/person\\\/b6be7a9ec2ea74359606d8007c4eb911\"},\"image\":{\"@id\":\"https:\\\/\\\/mariablazina.hr\\\/it\\\/cultura-e-letteratura\\\/libri-e-gatti-una-lezione-ispiratrice-alla-biblioteca-di-rovigno\\\/#primaryimage\"},\"thumbnailUrl\":\"https:\\\/\\\/mariablazina.hr\\\/wp-content\\\/uploads\\\/2025\\\/02\\\/slike-7-1.png\",\"keywords\":[\"adozione\",\"animali domestici\",\"biblioteca\",\"eventi\",\"gatti\",\"ispirazione\",\"letteratura\",\"libri\",\"protezione degli animali\",\"Rovigno\",\"societ\u00e0\"],\"articleSection\":[\"Cultura e letteratura\"],\"inLanguage\":\"it-IT\",\"potentialAction\":[{\"@type\":\"CommentAction\",\"name\":\"Comment\",\"target\":[\"https:\\\/\\\/mariablazina.hr\\\/it\\\/cultura-e-letteratura\\\/libri-e-gatti-una-lezione-ispiratrice-alla-biblioteca-di-rovigno\\\/#respond\"]}]},{\"@type\":\"WebPage\",\"@id\":\"https:\\\/\\\/mariablazina.hr\\\/it\\\/cultura-e-letteratura\\\/libri-e-gatti-una-lezione-ispiratrice-alla-biblioteca-di-rovigno\\\/\",\"url\":\"https:\\\/\\\/mariablazina.hr\\\/it\\\/cultura-e-letteratura\\\/libri-e-gatti-una-lezione-ispiratrice-alla-biblioteca-di-rovigno\\\/\",\"name\":\"Libri e gatti. Una lezione ispiratrice alla Biblioteca di Rovigno - mariablazina.hr\",\"isPartOf\":{\"@id\":\"https:\\\/\\\/mariablazina.hr\\\/it\\\/#website\"},\"primaryImageOfPage\":{\"@id\":\"https:\\\/\\\/mariablazina.hr\\\/it\\\/cultura-e-letteratura\\\/libri-e-gatti-una-lezione-ispiratrice-alla-biblioteca-di-rovigno\\\/#primaryimage\"},\"image\":{\"@id\":\"https:\\\/\\\/mariablazina.hr\\\/it\\\/cultura-e-letteratura\\\/libri-e-gatti-una-lezione-ispiratrice-alla-biblioteca-di-rovigno\\\/#primaryimage\"},\"thumbnailUrl\":\"https:\\\/\\\/mariablazina.hr\\\/wp-content\\\/uploads\\\/2025\\\/02\\\/slike-7-1.png\",\"datePublished\":\"2025-02-19T20:12:00+00:00\",\"dateModified\":\"2025-03-11T12:56:34+00:00\",\"breadcrumb\":{\"@id\":\"https:\\\/\\\/mariablazina.hr\\\/it\\\/cultura-e-letteratura\\\/libri-e-gatti-una-lezione-ispiratrice-alla-biblioteca-di-rovigno\\\/#breadcrumb\"},\"inLanguage\":\"it-IT\",\"potentialAction\":[{\"@type\":\"ReadAction\",\"target\":[\"https:\\\/\\\/mariablazina.hr\\\/it\\\/cultura-e-letteratura\\\/libri-e-gatti-una-lezione-ispiratrice-alla-biblioteca-di-rovigno\\\/\"]}]},{\"@type\":\"ImageObject\",\"inLanguage\":\"it-IT\",\"@id\":\"https:\\\/\\\/mariablazina.hr\\\/it\\\/cultura-e-letteratura\\\/libri-e-gatti-una-lezione-ispiratrice-alla-biblioteca-di-rovigno\\\/#primaryimage\",\"url\":\"https:\\\/\\\/mariablazina.hr\\\/wp-content\\\/uploads\\\/2025\\\/02\\\/slike-7-1.png\",\"contentUrl\":\"https:\\\/\\\/mariablazina.hr\\\/wp-content\\\/uploads\\\/2025\\\/02\\\/slike-7-1.png\",\"width\":1600,\"height\":1200},{\"@type\":\"BreadcrumbList\",\"@id\":\"https:\\\/\\\/mariablazina.hr\\\/it\\\/cultura-e-letteratura\\\/libri-e-gatti-una-lezione-ispiratrice-alla-biblioteca-di-rovigno\\\/#breadcrumb\",\"itemListElement\":[{\"@type\":\"ListItem\",\"position\":1,\"name\":\"Po\u010detna stranica\",\"item\":\"https:\\\/\\\/mariablazina.hr\\\/it\\\/\"},{\"@type\":\"ListItem\",\"position\":2,\"name\":\"Libri e gatti. Una lezione ispiratrice alla Biblioteca di Rovigno\"}]},{\"@type\":\"WebSite\",\"@id\":\"https:\\\/\\\/mariablazina.hr\\\/it\\\/#website\",\"url\":\"https:\\\/\\\/mariablazina.hr\\\/it\\\/\",\"name\":\"mariablazina.hr\",\"description\":\"Slu\u017ebena stranica kandidatkinje za gradona\u010delnicu Grad Rovinja - Rovigno - Maria Bla\u017eina\",\"publisher\":{\"@id\":\"https:\\\/\\\/mariablazina.hr\\\/it\\\/#\\\/schema\\\/person\\\/b6be7a9ec2ea74359606d8007c4eb911\"},\"potentialAction\":[{\"@type\":\"SearchAction\",\"target\":{\"@type\":\"EntryPoint\",\"urlTemplate\":\"https:\\\/\\\/mariablazina.hr\\\/it\\\/?s={search_term_string}\"},\"query-input\":{\"@type\":\"PropertyValueSpecification\",\"valueRequired\":true,\"valueName\":\"search_term_string\"}}],\"inLanguage\":\"it-IT\"},{\"@type\":[\"Person\",\"Organization\"],\"@id\":\"https:\\\/\\\/mariablazina.hr\\\/it\\\/#\\\/schema\\\/person\\\/b6be7a9ec2ea74359606d8007c4eb911\",\"name\":\"Maria Bla\u017eina\",\"image\":{\"@type\":\"ImageObject\",\"inLanguage\":\"it-IT\",\"@id\":\"https:\\\/\\\/mariablazina.hr\\\/wp-content\\\/uploads\\\/2025\\\/03\\\/slika-3.1.jpg\",\"url\":\"https:\\\/\\\/mariablazina.hr\\\/wp-content\\\/uploads\\\/2025\\\/03\\\/slika-3.1.jpg\",\"contentUrl\":\"https:\\\/\\\/mariablazina.hr\\\/wp-content\\\/uploads\\\/2025\\\/03\\\/slika-3.1.jpg\",\"width\":1272,\"height\":848,\"caption\":\"Maria Bla\u017eina\"},\"logo\":{\"@id\":\"https:\\\/\\\/mariablazina.hr\\\/wp-content\\\/uploads\\\/2025\\\/03\\\/slika-3.1.jpg\"},\"sameAs\":[\"https:\\\/\\\/mariablazina.hr\\\/\"],\"url\":\"https:\\\/\\\/mariablazina.hr\\\/it\\\/author\\\/maria\\\/\"}]}<\/script>\n<!-- \/ Yoast SEO plugin. -->","yoast_head_json":{"title":"Libri e gatti. Una lezione ispiratrice alla Biblioteca di Rovigno - mariablazina.hr","robots":{"index":"index","follow":"follow","max-snippet":"max-snippet:-1","max-image-preview":"max-image-preview:large","max-video-preview":"max-video-preview:-1"},"canonical":"https:\/\/mariablazina.hr\/it\/cultura-e-letteratura\/libri-e-gatti-una-lezione-ispiratrice-alla-biblioteca-di-rovigno\/","og_locale":"it_IT","og_type":"article","og_title":"Libri e gatti. Una lezione ispiratrice alla Biblioteca di Rovigno - mariablazina.hr","og_description":"Oggi ho avuto l\u2019opportunit\u00e0 di assistere a un&#8217;originale conferenza di Gracijela Mal\u010di\u0107 Pirin presso la Biblioteca Civica Matija Vla\u010di\u0107 Ilirik di Rovigno-Rovigno, dove libri e gatti si sono intrecciati in un racconto meraviglioso. Oggi ho avuto l\u2019opportunit\u00e0 di assistere a un&#8217;originale conferenza di Gracijela Mal\u010di\u0107 Pirin presso la Biblioteca Civica Matija Vla\u010di\u0107 Ilirik di Rovigno-Rovigno, [&hellip;]","og_url":"https:\/\/mariablazina.hr\/it\/cultura-e-letteratura\/libri-e-gatti-una-lezione-ispiratrice-alla-biblioteca-di-rovigno\/","og_site_name":"mariablazina.hr","article_published_time":"2025-02-19T20:12:00+00:00","article_modified_time":"2025-03-11T12:56:34+00:00","og_image":[{"width":1600,"height":1200,"url":"https:\/\/mariablazina.hr\/wp-content\/uploads\/2025\/02\/slike-7-1.png","type":"image\/png"}],"author":"Maria Bla\u017eina","twitter_card":"summary_large_image","twitter_misc":{"Scritto da":"Maria Bla\u017eina","Tempo di lettura stimato":"1 minuto"},"schema":{"@context":"https:\/\/schema.org","@graph":[{"@type":"Article","@id":"https:\/\/mariablazina.hr\/it\/cultura-e-letteratura\/libri-e-gatti-una-lezione-ispiratrice-alla-biblioteca-di-rovigno\/#article","isPartOf":{"@id":"https:\/\/mariablazina.hr\/it\/cultura-e-letteratura\/libri-e-gatti-una-lezione-ispiratrice-alla-biblioteca-di-rovigno\/"},"author":{"name":"Maria Bla\u017eina","@id":"https:\/\/mariablazina.hr\/it\/#\/schema\/person\/b6be7a9ec2ea74359606d8007c4eb911"},"headline":"Libri e gatti. Una lezione ispiratrice alla Biblioteca di Rovigno","datePublished":"2025-02-19T20:12:00+00:00","dateModified":"2025-03-11T12:56:34+00:00","mainEntityOfPage":{"@id":"https:\/\/mariablazina.hr\/it\/cultura-e-letteratura\/libri-e-gatti-una-lezione-ispiratrice-alla-biblioteca-di-rovigno\/"},"wordCount":195,"commentCount":0,"publisher":{"@id":"https:\/\/mariablazina.hr\/it\/#\/schema\/person\/b6be7a9ec2ea74359606d8007c4eb911"},"image":{"@id":"https:\/\/mariablazina.hr\/it\/cultura-e-letteratura\/libri-e-gatti-una-lezione-ispiratrice-alla-biblioteca-di-rovigno\/#primaryimage"},"thumbnailUrl":"https:\/\/mariablazina.hr\/wp-content\/uploads\/2025\/02\/slike-7-1.png","keywords":["adozione","animali domestici","biblioteca","eventi","gatti","ispirazione","letteratura","libri","protezione degli animali","Rovigno","societ\u00e0"],"articleSection":["Cultura e letteratura"],"inLanguage":"it-IT","potentialAction":[{"@type":"CommentAction","name":"Comment","target":["https:\/\/mariablazina.hr\/it\/cultura-e-letteratura\/libri-e-gatti-una-lezione-ispiratrice-alla-biblioteca-di-rovigno\/#respond"]}]},{"@type":"WebPage","@id":"https:\/\/mariablazina.hr\/it\/cultura-e-letteratura\/libri-e-gatti-una-lezione-ispiratrice-alla-biblioteca-di-rovigno\/","url":"https:\/\/mariablazina.hr\/it\/cultura-e-letteratura\/libri-e-gatti-una-lezione-ispiratrice-alla-biblioteca-di-rovigno\/","name":"Libri e gatti. Una lezione ispiratrice alla Biblioteca di Rovigno - mariablazina.hr","isPartOf":{"@id":"https:\/\/mariablazina.hr\/it\/#website"},"primaryImageOfPage":{"@id":"https:\/\/mariablazina.hr\/it\/cultura-e-letteratura\/libri-e-gatti-una-lezione-ispiratrice-alla-biblioteca-di-rovigno\/#primaryimage"},"image":{"@id":"https:\/\/mariablazina.hr\/it\/cultura-e-letteratura\/libri-e-gatti-una-lezione-ispiratrice-alla-biblioteca-di-rovigno\/#primaryimage"},"thumbnailUrl":"https:\/\/mariablazina.hr\/wp-content\/uploads\/2025\/02\/slike-7-1.png","datePublished":"2025-02-19T20:12:00+00:00","dateModified":"2025-03-11T12:56:34+00:00","breadcrumb":{"@id":"https:\/\/mariablazina.hr\/it\/cultura-e-letteratura\/libri-e-gatti-una-lezione-ispiratrice-alla-biblioteca-di-rovigno\/#breadcrumb"},"inLanguage":"it-IT","potentialAction":[{"@type":"ReadAction","target":["https:\/\/mariablazina.hr\/it\/cultura-e-letteratura\/libri-e-gatti-una-lezione-ispiratrice-alla-biblioteca-di-rovigno\/"]}]},{"@type":"ImageObject","inLanguage":"it-IT","@id":"https:\/\/mariablazina.hr\/it\/cultura-e-letteratura\/libri-e-gatti-una-lezione-ispiratrice-alla-biblioteca-di-rovigno\/#primaryimage","url":"https:\/\/mariablazina.hr\/wp-content\/uploads\/2025\/02\/slike-7-1.png","contentUrl":"https:\/\/mariablazina.hr\/wp-content\/uploads\/2025\/02\/slike-7-1.png","width":1600,"height":1200},{"@type":"BreadcrumbList","@id":"https:\/\/mariablazina.hr\/it\/cultura-e-letteratura\/libri-e-gatti-una-lezione-ispiratrice-alla-biblioteca-di-rovigno\/#breadcrumb","itemListElement":[{"@type":"ListItem","position":1,"name":"Po\u010detna stranica","item":"https:\/\/mariablazina.hr\/it\/"},{"@type":"ListItem","position":2,"name":"Libri e gatti. Una lezione ispiratrice alla Biblioteca di Rovigno"}]},{"@type":"WebSite","@id":"https:\/\/mariablazina.hr\/it\/#website","url":"https:\/\/mariablazina.hr\/it\/","name":"mariablazina.hr","description":"Slu\u017ebena stranica kandidatkinje za gradona\u010delnicu Grad Rovinja - Rovigno - Maria Bla\u017eina","publisher":{"@id":"https:\/\/mariablazina.hr\/it\/#\/schema\/person\/b6be7a9ec2ea74359606d8007c4eb911"},"potentialAction":[{"@type":"SearchAction","target":{"@type":"EntryPoint","urlTemplate":"https:\/\/mariablazina.hr\/it\/?s={search_term_string}"},"query-input":{"@type":"PropertyValueSpecification","valueRequired":true,"valueName":"search_term_string"}}],"inLanguage":"it-IT"},{"@type":["Person","Organization"],"@id":"https:\/\/mariablazina.hr\/it\/#\/schema\/person\/b6be7a9ec2ea74359606d8007c4eb911","name":"Maria Bla\u017eina","image":{"@type":"ImageObject","inLanguage":"it-IT","@id":"https:\/\/mariablazina.hr\/wp-content\/uploads\/2025\/03\/slika-3.1.jpg","url":"https:\/\/mariablazina.hr\/wp-content\/uploads\/2025\/03\/slika-3.1.jpg","contentUrl":"https:\/\/mariablazina.hr\/wp-content\/uploads\/2025\/03\/slika-3.1.jpg","width":1272,"height":848,"caption":"Maria Bla\u017eina"},"logo":{"@id":"https:\/\/mariablazina.hr\/wp-content\/uploads\/2025\/03\/slika-3.1.jpg"},"sameAs":["https:\/\/mariablazina.hr\/"],"url":"https:\/\/mariablazina.hr\/it\/author\/maria\/"}]}},"_links":{"self":[{"href":"https:\/\/mariablazina.hr\/it\/wp-json\/wp\/v2\/posts\/1785","targetHints":{"allow":["GET"]}}],"collection":[{"href":"https:\/\/mariablazina.hr\/it\/wp-json\/wp\/v2\/posts"}],"about":[{"href":"https:\/\/mariablazina.hr\/it\/wp-json\/wp\/v2\/types\/post"}],"author":[{"embeddable":true,"href":"https:\/\/mariablazina.hr\/it\/wp-json\/wp\/v2\/users\/2"}],"replies":[{"embeddable":true,"href":"https:\/\/mariablazina.hr\/it\/wp-json\/wp\/v2\/comments?post=1785"}],"version-history":[{"count":1,"href":"https:\/\/mariablazina.hr\/it\/wp-json\/wp\/v2\/posts\/1785\/revisions"}],"predecessor-version":[{"id":1786,"href":"https:\/\/mariablazina.hr\/it\/wp-json\/wp\/v2\/posts\/1785\/revisions\/1786"}],"wp:featuredmedia":[{"embeddable":true,"href":"https:\/\/mariablazina.hr\/it\/wp-json\/wp\/v2\/media\/1672"}],"wp:attachment":[{"href":"https:\/\/mariablazina.hr\/it\/wp-json\/wp\/v2\/media?parent=1785"}],"wp:term":[{"taxonomy":"category","embeddable":true,"href":"https:\/\/mariablazina.hr\/it\/wp-json\/wp\/v2\/categories?post=1785"},{"taxonomy":"post_tag","embeddable":true,"href":"https:\/\/mariablazina.hr\/it\/wp-json\/wp\/v2\/tags?post=1785"}],"curies":[{"name":"wp","href":"https:\/\/api.w.org\/{rel}","templated":true}]}}