{"id":1795,"date":"2025-01-31T20:15:00","date_gmt":"2025-01-31T19:15:00","guid":{"rendered":"https:\/\/mariablazina.hr\/senza-categoria\/il-centro-per-anziani-di-rovigno-non-funziona-senza-personale-qualificato-niente-servizi\/"},"modified":"2025-03-11T14:08:52","modified_gmt":"2025-03-11T13:08:52","slug":"il-centro-per-anziani-di-rovigno-non-funziona-senza-personale-qualificato-niente-servizi","status":"publish","type":"post","link":"https:\/\/mariablazina.hr\/it\/politica-cittadina\/il-centro-per-anziani-di-rovigno-non-funziona-senza-personale-qualificato-niente-servizi\/","title":{"rendered":"Il Centro per anziani di Rovigno non funziona. Senza personale qualificato, niente servizi!"},"content":{"rendered":"\n<p><p>L\u2019ampliamento della Casa per anziani <em>Domenico Pergolis<\/em> era stato concepito come un grande passo avanti nella qualit\u00e0 dell\u2019assistenza ai nostri concittadini della terza et\u00e0. La Citt\u00e0 e la Regione hanno investito insieme 32,3 milioni di kune per migliorare le condizioni e aprire un centro diurno, uno spazio in cui gli anziani potessero trascorrere il tempo, socializzare e partecipare a varie attivit\u00e0. Tuttavia, cinque anni dopo l\u2019espansione, questo centro \u00e8 ancora inattivo perch\u00e9 manca il personale!<\/p><\/p>\n\n<h2 class=\"wp-block-heading\">Mancanza di personale qualificato: un problema da risolvere subito!<\/h2>\n\n<p>Durante l\u2019ultima seduta del Consiglio comunale, ho chiesto informazioni sul numero di utenti e sulle modalit\u00e0 di utilizzo dello spazio del centro diurno. La risposta \u00e8 stata chiara: il centro non funziona perch\u00e9 non ci sono operatori qualificati per offrire i servizi necessari. Questo \u00e8 un problema serio, noto da anni e gi\u00e0 pi\u00f9 volte segnalato.<\/p>\n\n<p>La pandemia da Covid-19 ha certamente rallentato il processo, ma ora che i fondi sono stati stanziati, non ci sono pi\u00f9 scuse per lasciare il centro inutilizzato. Il Comune deve affrontare il problema in modo sistematico e trovare soluzioni per attrarre il personale necessario, sia attraverso l\u2019aumento degli stipendi, benefici aggiuntivi o l\u2019offerta di alloggi per le figure professionali carenti.<\/p>\n\n<h2 class=\"wp-block-heading\">Serve una strategia urgente per attrarre personale<\/h2>\n\n<p>Questo non \u00e8 un problema esclusivo di Rovigno. Molte citt\u00e0 in Croazia affrontano la carenza di professionisti nel settore dell\u2019assistenza sociale e sanitaria. Tuttavia, mentre citt\u00e0 come Umago e Parenzo stanno investendo attivamente per attirare specialisti offrendo incentivi concreti, Rovigno \u00e8 in ritardo su questo fronte.<\/p>\n\n<p>\u00c8 necessario intraprendere azioni concrete: investire direttamente nel personale significa garantire una migliore assistenza agli anziani e migliorare la qualit\u00e0 della vita dei cittadini. Senza una strategia chiara, l\u2019infrastruttura costruita rester\u00e0 inutilizzata e i bisogni della popolazione continueranno a essere ignorati.<\/p>\n\n<h2 class=\"wp-block-heading\">Porte chiuse, simbolo di opportunit\u00e0 mancate<\/h2>\n\n<p>L\u2019ampliamento della Casa per anziani ha aumentato la capacit\u00e0 a 159 utenti e ha permesso l\u2019apertura di un reparto per persone affette da Alzheimer, rappresentando un passo avanti significativo nell\u2019assistenza agli anziani. Tuttavia, invece di un centro diurno vivace e funzionante, ci\u00f2 che vediamo sono porte chiuse, allarmi e lucchetti.<\/p>\n\n<p>Rovigno merita di pi\u00f9. Dobbiamo garantire ai nostri concittadini i servizi che spettano loro di diritto, invece di lasciarli in attesa a causa di una cattiva pianificazione e dell\u2019assenza di soluzioni sistematiche. \u00c8 tempo di smettere di improvvisare e di adottare misure concrete per garantire la stabilit\u00e0 e lo sviluppo a lungo termine dei servizi sociali nella nostra citt\u00e0.<\/p>\n","protected":false},"excerpt":{"rendered":"<p>L\u2019ampliamento della Casa per anziani Domenico Pergolis era stato concepito come un grande passo avanti nella qualit\u00e0 dell\u2019assistenza ai nostri concittadini della terza et\u00e0. La Citt\u00e0 e la Regione hanno investito insieme 32,3 milioni di kune per migliorare le condizioni e aprire un centro diurno, uno spazio in cui gli anziani potessero trascorrere il tempo, [&hellip;]<\/p>\n","protected":false},"author":2,"featured_media":1687,"comment_status":"open","ping_status":"open","sticky":false,"template":"","format":"standard","meta":{"_et_pb_use_builder":"off","_et_pb_old_content":"","_et_gb_content_width":"","footnotes":""},"categories":[460,463],"tags":[431,453,429,318,316,338,348,439,251,357,253],"class_list":["post-1795","post","type-post","status-publish","format-standard","has-post-thumbnail","hentry","category-politica-cittadina","category-sanita-e-assistenza-sociale","tag-anziani","tag-assistenza-sanitaria","tag-assistenza-sociale","tag-casa-per-anziani","tag-centro-diurno","tag-consiglio-comunale","tag-infrastrutture","tag-investimenti","tag-maria-blazina-it","tag-personale","tag-rovigno"],"yoast_head":"<!-- This site is optimized with the Yoast SEO plugin v27.5 - https:\/\/yoast.com\/product\/yoast-seo-wordpress\/ -->\n<title>Il Centro per anziani di Rovigno non funziona. Senza personale qualificato, niente servizi! - mariablazina.hr<\/title>\n<meta name=\"robots\" content=\"index, follow, max-snippet:-1, max-image-preview:large, max-video-preview:-1\" \/>\n<link rel=\"canonical\" href=\"https:\/\/mariablazina.hr\/it\/politica-cittadina\/il-centro-per-anziani-di-rovigno-non-funziona-senza-personale-qualificato-niente-servizi\/\" \/>\n<meta property=\"og:locale\" content=\"it_IT\" \/>\n<meta property=\"og:type\" content=\"article\" \/>\n<meta property=\"og:title\" content=\"Il Centro per anziani di Rovigno non funziona. Senza personale qualificato, niente servizi! - mariablazina.hr\" \/>\n<meta property=\"og:description\" content=\"L\u2019ampliamento della Casa per anziani Domenico Pergolis era stato concepito come un grande passo avanti nella qualit\u00e0 dell\u2019assistenza ai nostri concittadini della terza et\u00e0. La Citt\u00e0 e la Regione hanno investito insieme 32,3 milioni di kune per migliorare le condizioni e aprire un centro diurno, uno spazio in cui gli anziani potessero trascorrere il tempo, [&hellip;]\" \/>\n<meta property=\"og:url\" content=\"https:\/\/mariablazina.hr\/it\/politica-cittadina\/il-centro-per-anziani-di-rovigno-non-funziona-senza-personale-qualificato-niente-servizi\/\" \/>\n<meta property=\"og:site_name\" content=\"mariablazina.hr\" \/>\n<meta property=\"article:published_time\" content=\"2025-01-31T19:15:00+00:00\" \/>\n<meta property=\"article:modified_time\" content=\"2025-03-11T13:08:52+00:00\" \/>\n<meta property=\"og:image\" content=\"https:\/\/mariablazina.hr\/wp-content\/uploads\/2025\/01\/slike-12-1024x768.png\" \/>\n\t<meta property=\"og:image:width\" content=\"1024\" \/>\n\t<meta property=\"og:image:height\" content=\"768\" \/>\n\t<meta property=\"og:image:type\" content=\"image\/png\" \/>\n<meta name=\"author\" content=\"Maria Bla\u017eina\" \/>\n<meta name=\"twitter:card\" content=\"summary_large_image\" \/>\n<meta name=\"twitter:label1\" content=\"Scritto da\" \/>\n\t<meta name=\"twitter:data1\" content=\"Maria Bla\u017eina\" \/>\n\t<meta name=\"twitter:label2\" content=\"Tempo di lettura stimato\" \/>\n\t<meta name=\"twitter:data2\" content=\"2 minuti\" \/>\n<script type=\"application\/ld+json\" class=\"yoast-schema-graph\">{\"@context\":\"https:\\\/\\\/schema.org\",\"@graph\":[{\"@type\":\"Article\",\"@id\":\"https:\\\/\\\/mariablazina.hr\\\/it\\\/politica-cittadina\\\/il-centro-per-anziani-di-rovigno-non-funziona-senza-personale-qualificato-niente-servizi\\\/#article\",\"isPartOf\":{\"@id\":\"https:\\\/\\\/mariablazina.hr\\\/it\\\/politica-cittadina\\\/il-centro-per-anziani-di-rovigno-non-funziona-senza-personale-qualificato-niente-servizi\\\/\"},\"author\":{\"name\":\"Maria Bla\u017eina\",\"@id\":\"https:\\\/\\\/mariablazina.hr\\\/it\\\/#\\\/schema\\\/person\\\/b6be7a9ec2ea74359606d8007c4eb911\"},\"headline\":\"Il Centro per anziani di Rovigno non funziona. Senza personale qualificato, niente servizi!\",\"datePublished\":\"2025-01-31T19:15:00+00:00\",\"dateModified\":\"2025-03-11T13:08:52+00:00\",\"mainEntityOfPage\":{\"@id\":\"https:\\\/\\\/mariablazina.hr\\\/it\\\/politica-cittadina\\\/il-centro-per-anziani-di-rovigno-non-funziona-senza-personale-qualificato-niente-servizi\\\/\"},\"wordCount\":425,\"commentCount\":0,\"publisher\":{\"@id\":\"https:\\\/\\\/mariablazina.hr\\\/it\\\/#\\\/schema\\\/person\\\/b6be7a9ec2ea74359606d8007c4eb911\"},\"image\":{\"@id\":\"https:\\\/\\\/mariablazina.hr\\\/it\\\/politica-cittadina\\\/il-centro-per-anziani-di-rovigno-non-funziona-senza-personale-qualificato-niente-servizi\\\/#primaryimage\"},\"thumbnailUrl\":\"https:\\\/\\\/mariablazina.hr\\\/wp-content\\\/uploads\\\/2025\\\/01\\\/slike-12.png\",\"keywords\":[\"anziani\",\"assistenza sanitaria\",\"assistenza sociale\",\"casa per anziani\",\"centro diurno\",\"consiglio comunale\",\"infrastrutture\",\"investimenti\",\"Maria Bla\u017eina\",\"personale\",\"Rovigno\"],\"articleSection\":[\"Politica cittadina\",\"Sanit\u00e0 e assistenza sociale\"],\"inLanguage\":\"it-IT\",\"potentialAction\":[{\"@type\":\"CommentAction\",\"name\":\"Comment\",\"target\":[\"https:\\\/\\\/mariablazina.hr\\\/it\\\/politica-cittadina\\\/il-centro-per-anziani-di-rovigno-non-funziona-senza-personale-qualificato-niente-servizi\\\/#respond\"]}]},{\"@type\":\"WebPage\",\"@id\":\"https:\\\/\\\/mariablazina.hr\\\/it\\\/politica-cittadina\\\/il-centro-per-anziani-di-rovigno-non-funziona-senza-personale-qualificato-niente-servizi\\\/\",\"url\":\"https:\\\/\\\/mariablazina.hr\\\/it\\\/politica-cittadina\\\/il-centro-per-anziani-di-rovigno-non-funziona-senza-personale-qualificato-niente-servizi\\\/\",\"name\":\"Il Centro per anziani di Rovigno non funziona. Senza personale qualificato, niente servizi! - mariablazina.hr\",\"isPartOf\":{\"@id\":\"https:\\\/\\\/mariablazina.hr\\\/it\\\/#website\"},\"primaryImageOfPage\":{\"@id\":\"https:\\\/\\\/mariablazina.hr\\\/it\\\/politica-cittadina\\\/il-centro-per-anziani-di-rovigno-non-funziona-senza-personale-qualificato-niente-servizi\\\/#primaryimage\"},\"image\":{\"@id\":\"https:\\\/\\\/mariablazina.hr\\\/it\\\/politica-cittadina\\\/il-centro-per-anziani-di-rovigno-non-funziona-senza-personale-qualificato-niente-servizi\\\/#primaryimage\"},\"thumbnailUrl\":\"https:\\\/\\\/mariablazina.hr\\\/wp-content\\\/uploads\\\/2025\\\/01\\\/slike-12.png\",\"datePublished\":\"2025-01-31T19:15:00+00:00\",\"dateModified\":\"2025-03-11T13:08:52+00:00\",\"breadcrumb\":{\"@id\":\"https:\\\/\\\/mariablazina.hr\\\/it\\\/politica-cittadina\\\/il-centro-per-anziani-di-rovigno-non-funziona-senza-personale-qualificato-niente-servizi\\\/#breadcrumb\"},\"inLanguage\":\"it-IT\",\"potentialAction\":[{\"@type\":\"ReadAction\",\"target\":[\"https:\\\/\\\/mariablazina.hr\\\/it\\\/politica-cittadina\\\/il-centro-per-anziani-di-rovigno-non-funziona-senza-personale-qualificato-niente-servizi\\\/\"]}]},{\"@type\":\"ImageObject\",\"inLanguage\":\"it-IT\",\"@id\":\"https:\\\/\\\/mariablazina.hr\\\/it\\\/politica-cittadina\\\/il-centro-per-anziani-di-rovigno-non-funziona-senza-personale-qualificato-niente-servizi\\\/#primaryimage\",\"url\":\"https:\\\/\\\/mariablazina.hr\\\/wp-content\\\/uploads\\\/2025\\\/01\\\/slike-12.png\",\"contentUrl\":\"https:\\\/\\\/mariablazina.hr\\\/wp-content\\\/uploads\\\/2025\\\/01\\\/slike-12.png\",\"width\":1600,\"height\":1200},{\"@type\":\"BreadcrumbList\",\"@id\":\"https:\\\/\\\/mariablazina.hr\\\/it\\\/politica-cittadina\\\/il-centro-per-anziani-di-rovigno-non-funziona-senza-personale-qualificato-niente-servizi\\\/#breadcrumb\",\"itemListElement\":[{\"@type\":\"ListItem\",\"position\":1,\"name\":\"Po\u010detna stranica\",\"item\":\"https:\\\/\\\/mariablazina.hr\\\/it\\\/\"},{\"@type\":\"ListItem\",\"position\":2,\"name\":\"Il Centro per anziani di Rovigno non funziona. Senza personale qualificato, niente servizi!\"}]},{\"@type\":\"WebSite\",\"@id\":\"https:\\\/\\\/mariablazina.hr\\\/it\\\/#website\",\"url\":\"https:\\\/\\\/mariablazina.hr\\\/it\\\/\",\"name\":\"mariablazina.hr\",\"description\":\"Slu\u017ebena stranica kandidatkinje za gradona\u010delnicu Grad Rovinja - Rovigno - Maria Bla\u017eina\",\"publisher\":{\"@id\":\"https:\\\/\\\/mariablazina.hr\\\/it\\\/#\\\/schema\\\/person\\\/b6be7a9ec2ea74359606d8007c4eb911\"},\"potentialAction\":[{\"@type\":\"SearchAction\",\"target\":{\"@type\":\"EntryPoint\",\"urlTemplate\":\"https:\\\/\\\/mariablazina.hr\\\/it\\\/?s={search_term_string}\"},\"query-input\":{\"@type\":\"PropertyValueSpecification\",\"valueRequired\":true,\"valueName\":\"search_term_string\"}}],\"inLanguage\":\"it-IT\"},{\"@type\":[\"Person\",\"Organization\"],\"@id\":\"https:\\\/\\\/mariablazina.hr\\\/it\\\/#\\\/schema\\\/person\\\/b6be7a9ec2ea74359606d8007c4eb911\",\"name\":\"Maria Bla\u017eina\",\"image\":{\"@type\":\"ImageObject\",\"inLanguage\":\"it-IT\",\"@id\":\"https:\\\/\\\/mariablazina.hr\\\/wp-content\\\/uploads\\\/2025\\\/03\\\/slika-3.1.jpg\",\"url\":\"https:\\\/\\\/mariablazina.hr\\\/wp-content\\\/uploads\\\/2025\\\/03\\\/slika-3.1.jpg\",\"contentUrl\":\"https:\\\/\\\/mariablazina.hr\\\/wp-content\\\/uploads\\\/2025\\\/03\\\/slika-3.1.jpg\",\"width\":1272,\"height\":848,\"caption\":\"Maria Bla\u017eina\"},\"logo\":{\"@id\":\"https:\\\/\\\/mariablazina.hr\\\/wp-content\\\/uploads\\\/2025\\\/03\\\/slika-3.1.jpg\"},\"sameAs\":[\"https:\\\/\\\/mariablazina.hr\\\/\"],\"url\":\"https:\\\/\\\/mariablazina.hr\\\/it\\\/author\\\/maria\\\/\"}]}<\/script>\n<!-- \/ Yoast SEO plugin. -->","yoast_head_json":{"title":"Il Centro per anziani di Rovigno non funziona. Senza personale qualificato, niente servizi! - mariablazina.hr","robots":{"index":"index","follow":"follow","max-snippet":"max-snippet:-1","max-image-preview":"max-image-preview:large","max-video-preview":"max-video-preview:-1"},"canonical":"https:\/\/mariablazina.hr\/it\/politica-cittadina\/il-centro-per-anziani-di-rovigno-non-funziona-senza-personale-qualificato-niente-servizi\/","og_locale":"it_IT","og_type":"article","og_title":"Il Centro per anziani di Rovigno non funziona. Senza personale qualificato, niente servizi! - mariablazina.hr","og_description":"L\u2019ampliamento della Casa per anziani Domenico Pergolis era stato concepito come un grande passo avanti nella qualit\u00e0 dell\u2019assistenza ai nostri concittadini della terza et\u00e0. La Citt\u00e0 e la Regione hanno investito insieme 32,3 milioni di kune per migliorare le condizioni e aprire un centro diurno, uno spazio in cui gli anziani potessero trascorrere il tempo, [&hellip;]","og_url":"https:\/\/mariablazina.hr\/it\/politica-cittadina\/il-centro-per-anziani-di-rovigno-non-funziona-senza-personale-qualificato-niente-servizi\/","og_site_name":"mariablazina.hr","article_published_time":"2025-01-31T19:15:00+00:00","article_modified_time":"2025-03-11T13:08:52+00:00","og_image":[{"width":1024,"height":768,"url":"https:\/\/mariablazina.hr\/wp-content\/uploads\/2025\/01\/slike-12-1024x768.png","type":"image\/png"}],"author":"Maria Bla\u017eina","twitter_card":"summary_large_image","twitter_misc":{"Scritto da":"Maria Bla\u017eina","Tempo di lettura stimato":"2 minuti"},"schema":{"@context":"https:\/\/schema.org","@graph":[{"@type":"Article","@id":"https:\/\/mariablazina.hr\/it\/politica-cittadina\/il-centro-per-anziani-di-rovigno-non-funziona-senza-personale-qualificato-niente-servizi\/#article","isPartOf":{"@id":"https:\/\/mariablazina.hr\/it\/politica-cittadina\/il-centro-per-anziani-di-rovigno-non-funziona-senza-personale-qualificato-niente-servizi\/"},"author":{"name":"Maria Bla\u017eina","@id":"https:\/\/mariablazina.hr\/it\/#\/schema\/person\/b6be7a9ec2ea74359606d8007c4eb911"},"headline":"Il Centro per anziani di Rovigno non funziona. Senza personale qualificato, niente servizi!","datePublished":"2025-01-31T19:15:00+00:00","dateModified":"2025-03-11T13:08:52+00:00","mainEntityOfPage":{"@id":"https:\/\/mariablazina.hr\/it\/politica-cittadina\/il-centro-per-anziani-di-rovigno-non-funziona-senza-personale-qualificato-niente-servizi\/"},"wordCount":425,"commentCount":0,"publisher":{"@id":"https:\/\/mariablazina.hr\/it\/#\/schema\/person\/b6be7a9ec2ea74359606d8007c4eb911"},"image":{"@id":"https:\/\/mariablazina.hr\/it\/politica-cittadina\/il-centro-per-anziani-di-rovigno-non-funziona-senza-personale-qualificato-niente-servizi\/#primaryimage"},"thumbnailUrl":"https:\/\/mariablazina.hr\/wp-content\/uploads\/2025\/01\/slike-12.png","keywords":["anziani","assistenza sanitaria","assistenza sociale","casa per anziani","centro diurno","consiglio comunale","infrastrutture","investimenti","Maria Bla\u017eina","personale","Rovigno"],"articleSection":["Politica cittadina","Sanit\u00e0 e assistenza sociale"],"inLanguage":"it-IT","potentialAction":[{"@type":"CommentAction","name":"Comment","target":["https:\/\/mariablazina.hr\/it\/politica-cittadina\/il-centro-per-anziani-di-rovigno-non-funziona-senza-personale-qualificato-niente-servizi\/#respond"]}]},{"@type":"WebPage","@id":"https:\/\/mariablazina.hr\/it\/politica-cittadina\/il-centro-per-anziani-di-rovigno-non-funziona-senza-personale-qualificato-niente-servizi\/","url":"https:\/\/mariablazina.hr\/it\/politica-cittadina\/il-centro-per-anziani-di-rovigno-non-funziona-senza-personale-qualificato-niente-servizi\/","name":"Il Centro per anziani di Rovigno non funziona. Senza personale qualificato, niente servizi! - mariablazina.hr","isPartOf":{"@id":"https:\/\/mariablazina.hr\/it\/#website"},"primaryImageOfPage":{"@id":"https:\/\/mariablazina.hr\/it\/politica-cittadina\/il-centro-per-anziani-di-rovigno-non-funziona-senza-personale-qualificato-niente-servizi\/#primaryimage"},"image":{"@id":"https:\/\/mariablazina.hr\/it\/politica-cittadina\/il-centro-per-anziani-di-rovigno-non-funziona-senza-personale-qualificato-niente-servizi\/#primaryimage"},"thumbnailUrl":"https:\/\/mariablazina.hr\/wp-content\/uploads\/2025\/01\/slike-12.png","datePublished":"2025-01-31T19:15:00+00:00","dateModified":"2025-03-11T13:08:52+00:00","breadcrumb":{"@id":"https:\/\/mariablazina.hr\/it\/politica-cittadina\/il-centro-per-anziani-di-rovigno-non-funziona-senza-personale-qualificato-niente-servizi\/#breadcrumb"},"inLanguage":"it-IT","potentialAction":[{"@type":"ReadAction","target":["https:\/\/mariablazina.hr\/it\/politica-cittadina\/il-centro-per-anziani-di-rovigno-non-funziona-senza-personale-qualificato-niente-servizi\/"]}]},{"@type":"ImageObject","inLanguage":"it-IT","@id":"https:\/\/mariablazina.hr\/it\/politica-cittadina\/il-centro-per-anziani-di-rovigno-non-funziona-senza-personale-qualificato-niente-servizi\/#primaryimage","url":"https:\/\/mariablazina.hr\/wp-content\/uploads\/2025\/01\/slike-12.png","contentUrl":"https:\/\/mariablazina.hr\/wp-content\/uploads\/2025\/01\/slike-12.png","width":1600,"height":1200},{"@type":"BreadcrumbList","@id":"https:\/\/mariablazina.hr\/it\/politica-cittadina\/il-centro-per-anziani-di-rovigno-non-funziona-senza-personale-qualificato-niente-servizi\/#breadcrumb","itemListElement":[{"@type":"ListItem","position":1,"name":"Po\u010detna stranica","item":"https:\/\/mariablazina.hr\/it\/"},{"@type":"ListItem","position":2,"name":"Il Centro per anziani di Rovigno non funziona. Senza personale qualificato, niente servizi!"}]},{"@type":"WebSite","@id":"https:\/\/mariablazina.hr\/it\/#website","url":"https:\/\/mariablazina.hr\/it\/","name":"mariablazina.hr","description":"Slu\u017ebena stranica kandidatkinje za gradona\u010delnicu Grad Rovinja - Rovigno - Maria Bla\u017eina","publisher":{"@id":"https:\/\/mariablazina.hr\/it\/#\/schema\/person\/b6be7a9ec2ea74359606d8007c4eb911"},"potentialAction":[{"@type":"SearchAction","target":{"@type":"EntryPoint","urlTemplate":"https:\/\/mariablazina.hr\/it\/?s={search_term_string}"},"query-input":{"@type":"PropertyValueSpecification","valueRequired":true,"valueName":"search_term_string"}}],"inLanguage":"it-IT"},{"@type":["Person","Organization"],"@id":"https:\/\/mariablazina.hr\/it\/#\/schema\/person\/b6be7a9ec2ea74359606d8007c4eb911","name":"Maria Bla\u017eina","image":{"@type":"ImageObject","inLanguage":"it-IT","@id":"https:\/\/mariablazina.hr\/wp-content\/uploads\/2025\/03\/slika-3.1.jpg","url":"https:\/\/mariablazina.hr\/wp-content\/uploads\/2025\/03\/slika-3.1.jpg","contentUrl":"https:\/\/mariablazina.hr\/wp-content\/uploads\/2025\/03\/slika-3.1.jpg","width":1272,"height":848,"caption":"Maria Bla\u017eina"},"logo":{"@id":"https:\/\/mariablazina.hr\/wp-content\/uploads\/2025\/03\/slika-3.1.jpg"},"sameAs":["https:\/\/mariablazina.hr\/"],"url":"https:\/\/mariablazina.hr\/it\/author\/maria\/"}]}},"_links":{"self":[{"href":"https:\/\/mariablazina.hr\/it\/wp-json\/wp\/v2\/posts\/1795","targetHints":{"allow":["GET"]}}],"collection":[{"href":"https:\/\/mariablazina.hr\/it\/wp-json\/wp\/v2\/posts"}],"about":[{"href":"https:\/\/mariablazina.hr\/it\/wp-json\/wp\/v2\/types\/post"}],"author":[{"embeddable":true,"href":"https:\/\/mariablazina.hr\/it\/wp-json\/wp\/v2\/users\/2"}],"replies":[{"embeddable":true,"href":"https:\/\/mariablazina.hr\/it\/wp-json\/wp\/v2\/comments?post=1795"}],"version-history":[{"count":1,"href":"https:\/\/mariablazina.hr\/it\/wp-json\/wp\/v2\/posts\/1795\/revisions"}],"predecessor-version":[{"id":1796,"href":"https:\/\/mariablazina.hr\/it\/wp-json\/wp\/v2\/posts\/1795\/revisions\/1796"}],"wp:featuredmedia":[{"embeddable":true,"href":"https:\/\/mariablazina.hr\/it\/wp-json\/wp\/v2\/media\/1687"}],"wp:attachment":[{"href":"https:\/\/mariablazina.hr\/it\/wp-json\/wp\/v2\/media?parent=1795"}],"wp:term":[{"taxonomy":"category","embeddable":true,"href":"https:\/\/mariablazina.hr\/it\/wp-json\/wp\/v2\/categories?post=1795"},{"taxonomy":"post_tag","embeddable":true,"href":"https:\/\/mariablazina.hr\/it\/wp-json\/wp\/v2\/tags?post=1795"}],"curies":[{"name":"wp","href":"https:\/\/api.w.org\/{rel}","templated":true}]}}