{"id":1815,"date":"2024-12-04T10:35:00","date_gmt":"2024-12-04T09:35:00","guid":{"rendered":"https:\/\/mariablazina.hr\/senza-categoria\/serata-con-lassociazione-dei-pensionati-di-rovigno-al-cmc\/"},"modified":"2025-03-11T14:31:18","modified_gmt":"2025-03-11T13:31:18","slug":"serata-con-lassociazione-dei-pensionati-di-rovigno-al-cmc","status":"publish","type":"post","link":"https:\/\/mariablazina.hr\/it\/cultura-e-arte\/serata-con-lassociazione-dei-pensionati-di-rovigno-al-cmc\/","title":{"rendered":"Serata con l\u2019Associazione dei Pensionati di Rovigno al CMC"},"content":{"rendered":"\n<p>Ieri sera, presso il Centro Multimediale di Rovigno, abbiamo trascorso una piacevole serata in compagnia dei membri dell\u2019Associazione dei Pensionati di Rovigno. \u00c8 stata un\u2019opportunit\u00e0 per socializzare, conversare e conoscere meglio le loro attivit\u00e0 creative e culturali.<\/p>\n\n<p>Questi incontri dimostrano quanto sia importante coltivare il senso di comunit\u00e0 e uno stile di vita attivo anche nella terza et\u00e0. Attraverso laboratori e programmi culturali, i pensionati hanno condiviso le loro esperienze, i loro talenti e preziose storie di vita.<\/p>\n\n<p>Grazie a tutti coloro che hanno partecipato e contribuito a rendere speciale questa serata!<\/p>\n\n<p><p><strong>Guarda la galleria fotografica e rivivi l\u2019atmosfera di questo evento unico!<\/strong><\/p><\/p>\n\n<p><\/p>\n\n<figure class=\"wp-block-gallery has-nested-images columns-default is-cropped wp-block-gallery-1 is-layout-flex wp-block-gallery-is-layout-flex\">\n<figure class=\"wp-block-image size-large\"><img decoding=\"async\" width=\"1024\" height=\"768\" data-id=\"855\" src=\"https:\/\/mariablazina.hr\/wp-content\/uploads\/2025\/02\/slike-31-1024x768.png\" alt=\"\" class=\"wp-image-855\" srcset=\"https:\/\/mariablazina.hr\/wp-content\/uploads\/2025\/02\/slike-31-980x735.png 980w, https:\/\/mariablazina.hr\/wp-content\/uploads\/2025\/02\/slike-31-480x360.png 480w\" sizes=\"(min-width: 0px) and (max-width: 480px) 480px, (min-width: 481px) and (max-width: 980px) 980px, (min-width: 981px) 1024px, 100vw\" \/><\/figure>\n\n\n\n<figure class=\"wp-block-image size-large\"><img decoding=\"async\" width=\"720\" height=\"960\" data-id=\"856\" src=\"https:\/\/mariablazina.hr\/wp-content\/uploads\/2025\/02\/468960620_28113328951585764_7912173679648085991_n.jpg\" alt=\"\" class=\"wp-image-856\" srcset=\"https:\/\/mariablazina.hr\/wp-content\/uploads\/2025\/02\/468960620_28113328951585764_7912173679648085991_n.jpg 720w, https:\/\/mariablazina.hr\/wp-content\/uploads\/2025\/02\/468960620_28113328951585764_7912173679648085991_n-480x640.jpg 480w\" sizes=\"(min-width: 0px) and (max-width: 480px) 480px, (min-width: 481px) 720px, 100vw\" \/><\/figure>\n\n\n\n<figure class=\"wp-block-image size-large\"><img decoding=\"async\" width=\"720\" height=\"960\" data-id=\"857\" src=\"https:\/\/mariablazina.hr\/wp-content\/uploads\/2025\/02\/468962936_28113328678252458_6118843945082452159_n.jpg\" alt=\"\" class=\"wp-image-857\" srcset=\"https:\/\/mariablazina.hr\/wp-content\/uploads\/2025\/02\/468962936_28113328678252458_6118843945082452159_n.jpg 720w, https:\/\/mariablazina.hr\/wp-content\/uploads\/2025\/02\/468962936_28113328678252458_6118843945082452159_n-480x640.jpg 480w\" sizes=\"(min-width: 0px) and (max-width: 480px) 480px, (min-width: 481px) 720px, 100vw\" \/><\/figure>\n\n\n\n<figure class=\"wp-block-image size-large\"><img decoding=\"async\" width=\"720\" height=\"960\" data-id=\"858\" src=\"https:\/\/mariablazina.hr\/wp-content\/uploads\/2025\/02\/469047253_28113328534919139_6589478201043669531_n.jpg\" alt=\"\" class=\"wp-image-858\" srcset=\"https:\/\/mariablazina.hr\/wp-content\/uploads\/2025\/02\/469047253_28113328534919139_6589478201043669531_n.jpg 720w, https:\/\/mariablazina.hr\/wp-content\/uploads\/2025\/02\/469047253_28113328534919139_6589478201043669531_n-480x640.jpg 480w\" sizes=\"(min-width: 0px) and (max-width: 480px) 480px, (min-width: 481px) 720px, 100vw\" \/><\/figure>\n\n\n\n<figure class=\"wp-block-image size-large\"><img decoding=\"async\" width=\"960\" height=\"720\" data-id=\"859\" src=\"https:\/\/mariablazina.hr\/wp-content\/uploads\/2025\/02\/469047562_28113328321585827_6280673753016307380_n.jpg\" alt=\"\" class=\"wp-image-859\" srcset=\"https:\/\/mariablazina.hr\/wp-content\/uploads\/2025\/02\/469047562_28113328321585827_6280673753016307380_n.jpg 960w, https:\/\/mariablazina.hr\/wp-content\/uploads\/2025\/02\/469047562_28113328321585827_6280673753016307380_n-480x360.jpg 480w\" sizes=\"(min-width: 0px) and (max-width: 480px) 480px, (min-width: 481px) 960px, 100vw\" \/><\/figure>\n\n\n\n<figure class=\"wp-block-image size-large\"><img decoding=\"async\" width=\"960\" height=\"720\" data-id=\"860\" src=\"https:\/\/mariablazina.hr\/wp-content\/uploads\/2025\/02\/469142076_28113328858252440_4940849823854408448_n.jpg\" alt=\"\" class=\"wp-image-860\" srcset=\"https:\/\/mariablazina.hr\/wp-content\/uploads\/2025\/02\/469142076_28113328858252440_4940849823854408448_n.jpg 960w, https:\/\/mariablazina.hr\/wp-content\/uploads\/2025\/02\/469142076_28113328858252440_4940849823854408448_n-480x360.jpg 480w\" sizes=\"(min-width: 0px) and (max-width: 480px) 480px, (min-width: 481px) 960px, 100vw\" \/><\/figure>\n\n\n\n<figure class=\"wp-block-image size-large\"><img decoding=\"async\" width=\"960\" height=\"720\" data-id=\"861\" src=\"https:\/\/mariablazina.hr\/wp-content\/uploads\/2025\/02\/469209727_28113329231585736_9188850508828955750_n.jpg\" alt=\"\" class=\"wp-image-861\" srcset=\"https:\/\/mariablazina.hr\/wp-content\/uploads\/2025\/02\/469209727_28113329231585736_9188850508828955750_n.jpg 960w, https:\/\/mariablazina.hr\/wp-content\/uploads\/2025\/02\/469209727_28113329231585736_9188850508828955750_n-480x360.jpg 480w\" sizes=\"(min-width: 0px) and (max-width: 480px) 480px, (min-width: 481px) 960px, 100vw\" \/><\/figure>\n\n\n\n<figure class=\"wp-block-image size-large\"><img decoding=\"async\" width=\"720\" height=\"960\" data-id=\"862\" src=\"https:\/\/mariablazina.hr\/wp-content\/uploads\/2025\/02\/469281856_28113329084919084_8540856073340134480_n.jpg\" alt=\"\" class=\"wp-image-862\" srcset=\"https:\/\/mariablazina.hr\/wp-content\/uploads\/2025\/02\/469281856_28113329084919084_8540856073340134480_n.jpg 720w, https:\/\/mariablazina.hr\/wp-content\/uploads\/2025\/02\/469281856_28113329084919084_8540856073340134480_n-480x640.jpg 480w\" sizes=\"(min-width: 0px) and (max-width: 480px) 480px, (min-width: 481px) 720px, 100vw\" \/><\/figure>\n<\/figure>\n","protected":false},"excerpt":{"rendered":"<p>Ieri sera, presso il Centro Multimediale di Rovigno, abbiamo trascorso una piacevole serata in compagnia dei membri dell\u2019Associazione dei Pensionati di Rovigno. \u00c8 stata un\u2019opportunit\u00e0 per socializzare, conversare e conoscere meglio le loro attivit\u00e0 creative e culturali. Questi incontri dimostrano quanto sia importante coltivare il senso di comunit\u00e0 e uno stile di vita attivo anche [&hellip;]<\/p>\n","protected":false},"author":2,"featured_media":1714,"comment_status":"open","ping_status":"open","sticky":false,"template":"","format":"standard","meta":{"_et_pb_use_builder":"off","_et_pb_old_content":"","_et_gb_content_width":"","footnotes":""},"categories":[284],"tags":[286,300,447,372,285,317,330,252,20,440,253,323],"class_list":["post-1815","post","type-post","status-publish","format-standard","has-post-thumbnail","hentry","category-cultura-e-arte","tag-arte","tag-attivita","tag-comunita","tag-creativita","tag-cultura","tag-eventi","tag-generazioni","tag-listria","tag-maria-blazina","tag-pensionati","tag-rovigno","tag-socializzare"],"yoast_head":"<!-- This site is optimized with the Yoast SEO plugin v27.5 - https:\/\/yoast.com\/product\/yoast-seo-wordpress\/ -->\n<title>Serata con l\u2019Associazione dei Pensionati di Rovigno al CMC - mariablazina.hr<\/title>\n<meta name=\"robots\" content=\"index, follow, max-snippet:-1, max-image-preview:large, max-video-preview:-1\" \/>\n<link rel=\"canonical\" href=\"https:\/\/mariablazina.hr\/it\/cultura-e-arte\/serata-con-lassociazione-dei-pensionati-di-rovigno-al-cmc\/\" \/>\n<meta property=\"og:locale\" content=\"it_IT\" \/>\n<meta property=\"og:type\" content=\"article\" \/>\n<meta property=\"og:title\" content=\"Serata con l\u2019Associazione dei Pensionati di Rovigno al CMC - mariablazina.hr\" \/>\n<meta property=\"og:description\" content=\"Ieri sera, presso il Centro Multimediale di Rovigno, abbiamo trascorso una piacevole serata in compagnia dei membri dell\u2019Associazione dei Pensionati di Rovigno. \u00c8 stata un\u2019opportunit\u00e0 per socializzare, conversare e conoscere meglio le loro attivit\u00e0 creative e culturali. Questi incontri dimostrano quanto sia importante coltivare il senso di comunit\u00e0 e uno stile di vita attivo anche [&hellip;]\" \/>\n<meta property=\"og:url\" content=\"https:\/\/mariablazina.hr\/it\/cultura-e-arte\/serata-con-lassociazione-dei-pensionati-di-rovigno-al-cmc\/\" \/>\n<meta property=\"og:site_name\" content=\"mariablazina.hr\" \/>\n<meta property=\"article:published_time\" content=\"2024-12-04T09:35:00+00:00\" \/>\n<meta property=\"article:modified_time\" content=\"2025-03-11T13:31:18+00:00\" \/>\n<meta property=\"og:image\" content=\"https:\/\/mariablazina.hr\/wp-content\/uploads\/2024\/12\/slike-21.png\" \/>\n\t<meta property=\"og:image:width\" content=\"1600\" \/>\n\t<meta property=\"og:image:height\" content=\"1200\" \/>\n\t<meta property=\"og:image:type\" content=\"image\/png\" \/>\n<meta name=\"author\" content=\"Maria Bla\u017eina\" \/>\n<meta name=\"twitter:card\" content=\"summary_large_image\" \/>\n<meta name=\"twitter:label1\" content=\"Scritto da\" \/>\n\t<meta name=\"twitter:data1\" content=\"Maria Bla\u017eina\" \/>\n\t<meta name=\"twitter:label2\" content=\"Tempo di lettura stimato\" \/>\n\t<meta name=\"twitter:data2\" content=\"1 minuto\" \/>\n<script type=\"application\/ld+json\" class=\"yoast-schema-graph\">{\"@context\":\"https:\\\/\\\/schema.org\",\"@graph\":[{\"@type\":\"Article\",\"@id\":\"https:\\\/\\\/mariablazina.hr\\\/it\\\/cultura-e-arte\\\/serata-con-lassociazione-dei-pensionati-di-rovigno-al-cmc\\\/#article\",\"isPartOf\":{\"@id\":\"https:\\\/\\\/mariablazina.hr\\\/it\\\/cultura-e-arte\\\/serata-con-lassociazione-dei-pensionati-di-rovigno-al-cmc\\\/\"},\"author\":{\"name\":\"Maria Bla\u017eina\",\"@id\":\"https:\\\/\\\/mariablazina.hr\\\/it\\\/#\\\/schema\\\/person\\\/b6be7a9ec2ea74359606d8007c4eb911\"},\"headline\":\"Serata con l\u2019Associazione dei Pensionati di Rovigno al CMC\",\"datePublished\":\"2024-12-04T09:35:00+00:00\",\"dateModified\":\"2025-03-11T13:31:18+00:00\",\"mainEntityOfPage\":{\"@id\":\"https:\\\/\\\/mariablazina.hr\\\/it\\\/cultura-e-arte\\\/serata-con-lassociazione-dei-pensionati-di-rovigno-al-cmc\\\/\"},\"wordCount\":115,\"commentCount\":0,\"publisher\":{\"@id\":\"https:\\\/\\\/mariablazina.hr\\\/it\\\/#\\\/schema\\\/person\\\/b6be7a9ec2ea74359606d8007c4eb911\"},\"image\":{\"@id\":\"https:\\\/\\\/mariablazina.hr\\\/it\\\/cultura-e-arte\\\/serata-con-lassociazione-dei-pensionati-di-rovigno-al-cmc\\\/#primaryimage\"},\"thumbnailUrl\":\"https:\\\/\\\/mariablazina.hr\\\/wp-content\\\/uploads\\\/2024\\\/12\\\/slike-21.png\",\"keywords\":[\"arte\",\"attivit\u00e0\",\"comunit\u00e0\",\"creativit\u00e0\",\"cultura\",\"eventi\",\"generazioni\",\"L'Istria\",\"Maria Bla\u017eina\",\"pensionati\",\"Rovigno\",\"socializzare\"],\"articleSection\":[\"Cultura e arte\"],\"inLanguage\":\"it-IT\",\"potentialAction\":[{\"@type\":\"CommentAction\",\"name\":\"Comment\",\"target\":[\"https:\\\/\\\/mariablazina.hr\\\/it\\\/cultura-e-arte\\\/serata-con-lassociazione-dei-pensionati-di-rovigno-al-cmc\\\/#respond\"]}]},{\"@type\":\"WebPage\",\"@id\":\"https:\\\/\\\/mariablazina.hr\\\/it\\\/cultura-e-arte\\\/serata-con-lassociazione-dei-pensionati-di-rovigno-al-cmc\\\/\",\"url\":\"https:\\\/\\\/mariablazina.hr\\\/it\\\/cultura-e-arte\\\/serata-con-lassociazione-dei-pensionati-di-rovigno-al-cmc\\\/\",\"name\":\"Serata con l\u2019Associazione dei Pensionati di Rovigno al CMC - mariablazina.hr\",\"isPartOf\":{\"@id\":\"https:\\\/\\\/mariablazina.hr\\\/it\\\/#website\"},\"primaryImageOfPage\":{\"@id\":\"https:\\\/\\\/mariablazina.hr\\\/it\\\/cultura-e-arte\\\/serata-con-lassociazione-dei-pensionati-di-rovigno-al-cmc\\\/#primaryimage\"},\"image\":{\"@id\":\"https:\\\/\\\/mariablazina.hr\\\/it\\\/cultura-e-arte\\\/serata-con-lassociazione-dei-pensionati-di-rovigno-al-cmc\\\/#primaryimage\"},\"thumbnailUrl\":\"https:\\\/\\\/mariablazina.hr\\\/wp-content\\\/uploads\\\/2024\\\/12\\\/slike-21.png\",\"datePublished\":\"2024-12-04T09:35:00+00:00\",\"dateModified\":\"2025-03-11T13:31:18+00:00\",\"breadcrumb\":{\"@id\":\"https:\\\/\\\/mariablazina.hr\\\/it\\\/cultura-e-arte\\\/serata-con-lassociazione-dei-pensionati-di-rovigno-al-cmc\\\/#breadcrumb\"},\"inLanguage\":\"it-IT\",\"potentialAction\":[{\"@type\":\"ReadAction\",\"target\":[\"https:\\\/\\\/mariablazina.hr\\\/it\\\/cultura-e-arte\\\/serata-con-lassociazione-dei-pensionati-di-rovigno-al-cmc\\\/\"]}]},{\"@type\":\"ImageObject\",\"inLanguage\":\"it-IT\",\"@id\":\"https:\\\/\\\/mariablazina.hr\\\/it\\\/cultura-e-arte\\\/serata-con-lassociazione-dei-pensionati-di-rovigno-al-cmc\\\/#primaryimage\",\"url\":\"https:\\\/\\\/mariablazina.hr\\\/wp-content\\\/uploads\\\/2024\\\/12\\\/slike-21.png\",\"contentUrl\":\"https:\\\/\\\/mariablazina.hr\\\/wp-content\\\/uploads\\\/2024\\\/12\\\/slike-21.png\",\"width\":1600,\"height\":1200},{\"@type\":\"BreadcrumbList\",\"@id\":\"https:\\\/\\\/mariablazina.hr\\\/it\\\/cultura-e-arte\\\/serata-con-lassociazione-dei-pensionati-di-rovigno-al-cmc\\\/#breadcrumb\",\"itemListElement\":[{\"@type\":\"ListItem\",\"position\":1,\"name\":\"Po\u010detna stranica\",\"item\":\"https:\\\/\\\/mariablazina.hr\\\/it\\\/\"},{\"@type\":\"ListItem\",\"position\":2,\"name\":\"Serata con l\u2019Associazione dei Pensionati di Rovigno al CMC\"}]},{\"@type\":\"WebSite\",\"@id\":\"https:\\\/\\\/mariablazina.hr\\\/it\\\/#website\",\"url\":\"https:\\\/\\\/mariablazina.hr\\\/it\\\/\",\"name\":\"mariablazina.hr\",\"description\":\"Slu\u017ebena stranica kandidatkinje za gradona\u010delnicu Grad Rovinja - Rovigno - Maria Bla\u017eina\",\"publisher\":{\"@id\":\"https:\\\/\\\/mariablazina.hr\\\/it\\\/#\\\/schema\\\/person\\\/b6be7a9ec2ea74359606d8007c4eb911\"},\"potentialAction\":[{\"@type\":\"SearchAction\",\"target\":{\"@type\":\"EntryPoint\",\"urlTemplate\":\"https:\\\/\\\/mariablazina.hr\\\/it\\\/?s={search_term_string}\"},\"query-input\":{\"@type\":\"PropertyValueSpecification\",\"valueRequired\":true,\"valueName\":\"search_term_string\"}}],\"inLanguage\":\"it-IT\"},{\"@type\":[\"Person\",\"Organization\"],\"@id\":\"https:\\\/\\\/mariablazina.hr\\\/it\\\/#\\\/schema\\\/person\\\/b6be7a9ec2ea74359606d8007c4eb911\",\"name\":\"Maria Bla\u017eina\",\"image\":{\"@type\":\"ImageObject\",\"inLanguage\":\"it-IT\",\"@id\":\"https:\\\/\\\/mariablazina.hr\\\/wp-content\\\/uploads\\\/2025\\\/03\\\/slika-3.1.jpg\",\"url\":\"https:\\\/\\\/mariablazina.hr\\\/wp-content\\\/uploads\\\/2025\\\/03\\\/slika-3.1.jpg\",\"contentUrl\":\"https:\\\/\\\/mariablazina.hr\\\/wp-content\\\/uploads\\\/2025\\\/03\\\/slika-3.1.jpg\",\"width\":1272,\"height\":848,\"caption\":\"Maria Bla\u017eina\"},\"logo\":{\"@id\":\"https:\\\/\\\/mariablazina.hr\\\/wp-content\\\/uploads\\\/2025\\\/03\\\/slika-3.1.jpg\"},\"sameAs\":[\"https:\\\/\\\/mariablazina.hr\\\/\"],\"url\":\"https:\\\/\\\/mariablazina.hr\\\/it\\\/author\\\/maria\\\/\"}]}<\/script>\n<!-- \/ Yoast SEO plugin. -->","yoast_head_json":{"title":"Serata con l\u2019Associazione dei Pensionati di Rovigno al CMC - mariablazina.hr","robots":{"index":"index","follow":"follow","max-snippet":"max-snippet:-1","max-image-preview":"max-image-preview:large","max-video-preview":"max-video-preview:-1"},"canonical":"https:\/\/mariablazina.hr\/it\/cultura-e-arte\/serata-con-lassociazione-dei-pensionati-di-rovigno-al-cmc\/","og_locale":"it_IT","og_type":"article","og_title":"Serata con l\u2019Associazione dei Pensionati di Rovigno al CMC - mariablazina.hr","og_description":"Ieri sera, presso il Centro Multimediale di Rovigno, abbiamo trascorso una piacevole serata in compagnia dei membri dell\u2019Associazione dei Pensionati di Rovigno. \u00c8 stata un\u2019opportunit\u00e0 per socializzare, conversare e conoscere meglio le loro attivit\u00e0 creative e culturali. Questi incontri dimostrano quanto sia importante coltivare il senso di comunit\u00e0 e uno stile di vita attivo anche [&hellip;]","og_url":"https:\/\/mariablazina.hr\/it\/cultura-e-arte\/serata-con-lassociazione-dei-pensionati-di-rovigno-al-cmc\/","og_site_name":"mariablazina.hr","article_published_time":"2024-12-04T09:35:00+00:00","article_modified_time":"2025-03-11T13:31:18+00:00","og_image":[{"width":1600,"height":1200,"url":"https:\/\/mariablazina.hr\/wp-content\/uploads\/2024\/12\/slike-21.png","type":"image\/png"}],"author":"Maria Bla\u017eina","twitter_card":"summary_large_image","twitter_misc":{"Scritto da":"Maria Bla\u017eina","Tempo di lettura stimato":"1 minuto"},"schema":{"@context":"https:\/\/schema.org","@graph":[{"@type":"Article","@id":"https:\/\/mariablazina.hr\/it\/cultura-e-arte\/serata-con-lassociazione-dei-pensionati-di-rovigno-al-cmc\/#article","isPartOf":{"@id":"https:\/\/mariablazina.hr\/it\/cultura-e-arte\/serata-con-lassociazione-dei-pensionati-di-rovigno-al-cmc\/"},"author":{"name":"Maria Bla\u017eina","@id":"https:\/\/mariablazina.hr\/it\/#\/schema\/person\/b6be7a9ec2ea74359606d8007c4eb911"},"headline":"Serata con l\u2019Associazione dei Pensionati di Rovigno al CMC","datePublished":"2024-12-04T09:35:00+00:00","dateModified":"2025-03-11T13:31:18+00:00","mainEntityOfPage":{"@id":"https:\/\/mariablazina.hr\/it\/cultura-e-arte\/serata-con-lassociazione-dei-pensionati-di-rovigno-al-cmc\/"},"wordCount":115,"commentCount":0,"publisher":{"@id":"https:\/\/mariablazina.hr\/it\/#\/schema\/person\/b6be7a9ec2ea74359606d8007c4eb911"},"image":{"@id":"https:\/\/mariablazina.hr\/it\/cultura-e-arte\/serata-con-lassociazione-dei-pensionati-di-rovigno-al-cmc\/#primaryimage"},"thumbnailUrl":"https:\/\/mariablazina.hr\/wp-content\/uploads\/2024\/12\/slike-21.png","keywords":["arte","attivit\u00e0","comunit\u00e0","creativit\u00e0","cultura","eventi","generazioni","L'Istria","Maria Bla\u017eina","pensionati","Rovigno","socializzare"],"articleSection":["Cultura e arte"],"inLanguage":"it-IT","potentialAction":[{"@type":"CommentAction","name":"Comment","target":["https:\/\/mariablazina.hr\/it\/cultura-e-arte\/serata-con-lassociazione-dei-pensionati-di-rovigno-al-cmc\/#respond"]}]},{"@type":"WebPage","@id":"https:\/\/mariablazina.hr\/it\/cultura-e-arte\/serata-con-lassociazione-dei-pensionati-di-rovigno-al-cmc\/","url":"https:\/\/mariablazina.hr\/it\/cultura-e-arte\/serata-con-lassociazione-dei-pensionati-di-rovigno-al-cmc\/","name":"Serata con l\u2019Associazione dei Pensionati di Rovigno al CMC - mariablazina.hr","isPartOf":{"@id":"https:\/\/mariablazina.hr\/it\/#website"},"primaryImageOfPage":{"@id":"https:\/\/mariablazina.hr\/it\/cultura-e-arte\/serata-con-lassociazione-dei-pensionati-di-rovigno-al-cmc\/#primaryimage"},"image":{"@id":"https:\/\/mariablazina.hr\/it\/cultura-e-arte\/serata-con-lassociazione-dei-pensionati-di-rovigno-al-cmc\/#primaryimage"},"thumbnailUrl":"https:\/\/mariablazina.hr\/wp-content\/uploads\/2024\/12\/slike-21.png","datePublished":"2024-12-04T09:35:00+00:00","dateModified":"2025-03-11T13:31:18+00:00","breadcrumb":{"@id":"https:\/\/mariablazina.hr\/it\/cultura-e-arte\/serata-con-lassociazione-dei-pensionati-di-rovigno-al-cmc\/#breadcrumb"},"inLanguage":"it-IT","potentialAction":[{"@type":"ReadAction","target":["https:\/\/mariablazina.hr\/it\/cultura-e-arte\/serata-con-lassociazione-dei-pensionati-di-rovigno-al-cmc\/"]}]},{"@type":"ImageObject","inLanguage":"it-IT","@id":"https:\/\/mariablazina.hr\/it\/cultura-e-arte\/serata-con-lassociazione-dei-pensionati-di-rovigno-al-cmc\/#primaryimage","url":"https:\/\/mariablazina.hr\/wp-content\/uploads\/2024\/12\/slike-21.png","contentUrl":"https:\/\/mariablazina.hr\/wp-content\/uploads\/2024\/12\/slike-21.png","width":1600,"height":1200},{"@type":"BreadcrumbList","@id":"https:\/\/mariablazina.hr\/it\/cultura-e-arte\/serata-con-lassociazione-dei-pensionati-di-rovigno-al-cmc\/#breadcrumb","itemListElement":[{"@type":"ListItem","position":1,"name":"Po\u010detna stranica","item":"https:\/\/mariablazina.hr\/it\/"},{"@type":"ListItem","position":2,"name":"Serata con l\u2019Associazione dei Pensionati di Rovigno al CMC"}]},{"@type":"WebSite","@id":"https:\/\/mariablazina.hr\/it\/#website","url":"https:\/\/mariablazina.hr\/it\/","name":"mariablazina.hr","description":"Slu\u017ebena stranica kandidatkinje za gradona\u010delnicu Grad Rovinja - Rovigno - Maria Bla\u017eina","publisher":{"@id":"https:\/\/mariablazina.hr\/it\/#\/schema\/person\/b6be7a9ec2ea74359606d8007c4eb911"},"potentialAction":[{"@type":"SearchAction","target":{"@type":"EntryPoint","urlTemplate":"https:\/\/mariablazina.hr\/it\/?s={search_term_string}"},"query-input":{"@type":"PropertyValueSpecification","valueRequired":true,"valueName":"search_term_string"}}],"inLanguage":"it-IT"},{"@type":["Person","Organization"],"@id":"https:\/\/mariablazina.hr\/it\/#\/schema\/person\/b6be7a9ec2ea74359606d8007c4eb911","name":"Maria Bla\u017eina","image":{"@type":"ImageObject","inLanguage":"it-IT","@id":"https:\/\/mariablazina.hr\/wp-content\/uploads\/2025\/03\/slika-3.1.jpg","url":"https:\/\/mariablazina.hr\/wp-content\/uploads\/2025\/03\/slika-3.1.jpg","contentUrl":"https:\/\/mariablazina.hr\/wp-content\/uploads\/2025\/03\/slika-3.1.jpg","width":1272,"height":848,"caption":"Maria Bla\u017eina"},"logo":{"@id":"https:\/\/mariablazina.hr\/wp-content\/uploads\/2025\/03\/slika-3.1.jpg"},"sameAs":["https:\/\/mariablazina.hr\/"],"url":"https:\/\/mariablazina.hr\/it\/author\/maria\/"}]}},"_links":{"self":[{"href":"https:\/\/mariablazina.hr\/it\/wp-json\/wp\/v2\/posts\/1815","targetHints":{"allow":["GET"]}}],"collection":[{"href":"https:\/\/mariablazina.hr\/it\/wp-json\/wp\/v2\/posts"}],"about":[{"href":"https:\/\/mariablazina.hr\/it\/wp-json\/wp\/v2\/types\/post"}],"author":[{"embeddable":true,"href":"https:\/\/mariablazina.hr\/it\/wp-json\/wp\/v2\/users\/2"}],"replies":[{"embeddable":true,"href":"https:\/\/mariablazina.hr\/it\/wp-json\/wp\/v2\/comments?post=1815"}],"version-history":[{"count":1,"href":"https:\/\/mariablazina.hr\/it\/wp-json\/wp\/v2\/posts\/1815\/revisions"}],"predecessor-version":[{"id":1816,"href":"https:\/\/mariablazina.hr\/it\/wp-json\/wp\/v2\/posts\/1815\/revisions\/1816"}],"wp:featuredmedia":[{"embeddable":true,"href":"https:\/\/mariablazina.hr\/it\/wp-json\/wp\/v2\/media\/1714"}],"wp:attachment":[{"href":"https:\/\/mariablazina.hr\/it\/wp-json\/wp\/v2\/media?parent=1815"}],"wp:term":[{"taxonomy":"category","embeddable":true,"href":"https:\/\/mariablazina.hr\/it\/wp-json\/wp\/v2\/categories?post=1815"},{"taxonomy":"post_tag","embeddable":true,"href":"https:\/\/mariablazina.hr\/it\/wp-json\/wp\/v2\/tags?post=1815"}],"curies":[{"name":"wp","href":"https:\/\/api.w.org\/{rel}","templated":true}]}}