{"id":1817,"date":"2024-11-30T18:32:00","date_gmt":"2024-11-30T17:32:00","guid":{"rendered":"https:\/\/mariablazina.hr\/senza-categoria\/la-presentazione-del-libro-di-memorie-di-nevenka-uljanic-degobbis-a-rovigno\/"},"modified":"2025-03-11T14:32:56","modified_gmt":"2025-03-11T13:32:56","slug":"la-presentazione-del-libro-di-memorie-di-nevenka-uljanic-degobbis-a-rovigno","status":"publish","type":"post","link":"https:\/\/mariablazina.hr\/it\/cultura-e-letteratura\/la-presentazione-del-libro-di-memorie-di-nevenka-uljanic-degobbis-a-rovigno\/","title":{"rendered":"La presentazione del libro di memorie di Nevenka Uljani\u0107 Degobbis a Rovigno"},"content":{"rendered":"\n<p>Venerd\u00ec scorso abbiamo avuto l\u2019opportunit\u00e0 di assistere alla presentazione del libro di memorie di Nevenka Uljani\u0107 Degobbis, in un\u2019accogliente atmosfera presso il Club dei Pensionati di Rovigno. Questo evento speciale ha riunito appassionati di letteratura e storia locale, offrendoci l\u2019opportunit\u00e0 di rivivere il passato attraverso le parole scritte dell&#8217;autrice.<\/p>\n\n<h2 class=\"wp-block-heading\">Sull&#8217;autrice e la sua opera<\/h2>\n\n<p>Nevenka Uljani\u0107 Degobbis, nata nel 1948 a Villa di Rovigno, oggi vive e scrive a Rovigno. Nota per il suo amore per il dialetto ciacavo di Villa di Rovigno e per la lingua croata standard, nel suo libro porta alla vita immagini vivide della vita nel secolo scorso. La sua prosa memorialistica ci riporta agli anni \u201950 e \u201960, evocando l\u2019atmosfera di Villa di Rovigno, i suoi abitanti e le loro tradizioni.<\/p>\n\n<h2 class=\"wp-block-heading\">Collaboratori del libro<\/h2>\n\n<p>Il tocco finale al libro \u00e8 stato dato dalla revisione di Olja Fazlovi\u0107, dalla curatela di Gabrijela Dobrovi\u0107 e dalle illustrazioni di Alida Matutinovi\u0107, il cui talento e impegno hanno arricchito ulteriormente questa preziosa opera. Il loro contributo ha garantito che il libro trasmettesse non solo contenuti significativi, ma anche un\u2019estetica visiva in grado di evocare il passato.<\/p>\n\n<h2 class=\"wp-block-heading\">Ringraziamenti e impressioni<\/h2>\n\n<p>Un grande ringraziamento all\u2019autrice e a tutti coloro che hanno contribuito alla realizzazione e presentazione di questo libro! \u00c8 stato un piacere partecipare a un evento che ci ha ricordato l\u2019importanza della conservazione del patrimonio culturale e linguistico di Rovigno. Questa opera rappresenta un prezioso contributo alla letteratura e alla memoria di un\u2019epoca speciale della storia locale.<\/p>\n\n<p><\/p>\n\n<figure class=\"wp-block-gallery has-nested-images columns-default is-cropped wp-block-gallery-1 is-layout-flex wp-block-gallery-is-layout-flex\">\n<figure class=\"wp-block-image size-large\"><img decoding=\"async\" width=\"1024\" height=\"683\" data-id=\"725\" src=\"https:\/\/mariablazina.hr\/wp-content\/uploads\/2025\/02\/IMG-20241130-WA0018-1024x683.jpg\" alt=\"\" class=\"wp-image-725\" srcset=\"https:\/\/mariablazina.hr\/wp-content\/uploads\/2025\/02\/IMG-20241130-WA0018-980x654.jpg 980w, https:\/\/mariablazina.hr\/wp-content\/uploads\/2025\/02\/IMG-20241130-WA0018-480x320.jpg 480w\" sizes=\"(min-width: 0px) and (max-width: 480px) 480px, (min-width: 481px) and (max-width: 980px) 980px, (min-width: 981px) 1024px, 100vw\" \/><\/figure>\n\n\n\n<figure class=\"wp-block-image size-large\"><img decoding=\"async\" width=\"1024\" height=\"683\" data-id=\"726\" src=\"https:\/\/mariablazina.hr\/wp-content\/uploads\/2025\/02\/IMG-20241130-WA0019-1024x683.jpg\" alt=\"\" class=\"wp-image-726\" srcset=\"https:\/\/mariablazina.hr\/wp-content\/uploads\/2025\/02\/IMG-20241130-WA0019-980x654.jpg 980w, https:\/\/mariablazina.hr\/wp-content\/uploads\/2025\/02\/IMG-20241130-WA0019-480x320.jpg 480w\" sizes=\"(min-width: 0px) and (max-width: 480px) 480px, (min-width: 481px) and (max-width: 980px) 980px, (min-width: 981px) 1024px, 100vw\" \/><\/figure>\n\n\n\n<figure class=\"wp-block-image size-large\"><img decoding=\"async\" width=\"1024\" height=\"683\" data-id=\"727\" src=\"https:\/\/mariablazina.hr\/wp-content\/uploads\/2025\/02\/IMG-20241130-WA0020-1024x683.jpg\" alt=\"\" class=\"wp-image-727\" srcset=\"https:\/\/mariablazina.hr\/wp-content\/uploads\/2025\/02\/IMG-20241130-WA0020-980x654.jpg 980w, https:\/\/mariablazina.hr\/wp-content\/uploads\/2025\/02\/IMG-20241130-WA0020-480x320.jpg 480w\" sizes=\"(min-width: 0px) and (max-width: 480px) 480px, (min-width: 481px) and (max-width: 980px) 980px, (min-width: 981px) 1024px, 100vw\" \/><\/figure>\n\n\n\n<figure class=\"wp-block-image size-large\"><img decoding=\"async\" width=\"1024\" height=\"683\" data-id=\"728\" src=\"https:\/\/mariablazina.hr\/wp-content\/uploads\/2025\/02\/IMG-20241130-WA0021-1024x683.jpg\" alt=\"\" class=\"wp-image-728\" srcset=\"https:\/\/mariablazina.hr\/wp-content\/uploads\/2025\/02\/IMG-20241130-WA0021-980x654.jpg 980w, https:\/\/mariablazina.hr\/wp-content\/uploads\/2025\/02\/IMG-20241130-WA0021-480x320.jpg 480w\" sizes=\"(min-width: 0px) and (max-width: 480px) 480px, (min-width: 481px) and (max-width: 980px) 980px, (min-width: 981px) 1024px, 100vw\" \/><\/figure>\n\n\n\n<figure class=\"wp-block-image size-large\"><img decoding=\"async\" width=\"1024\" height=\"683\" data-id=\"729\" src=\"https:\/\/mariablazina.hr\/wp-content\/uploads\/2025\/02\/IMG-20241130-WA0022-1024x683.jpg\" alt=\"\" class=\"wp-image-729\" srcset=\"https:\/\/mariablazina.hr\/wp-content\/uploads\/2025\/02\/IMG-20241130-WA0022-980x654.jpg 980w, https:\/\/mariablazina.hr\/wp-content\/uploads\/2025\/02\/IMG-20241130-WA0022-480x320.jpg 480w\" sizes=\"(min-width: 0px) and (max-width: 480px) 480px, (min-width: 481px) and (max-width: 980px) 980px, (min-width: 981px) 1024px, 100vw\" \/><\/figure>\n\n\n\n<figure class=\"wp-block-image size-large\"><img decoding=\"async\" width=\"1024\" height=\"683\" data-id=\"730\" src=\"https:\/\/mariablazina.hr\/wp-content\/uploads\/2025\/02\/IMG-20241130-WA0023-1024x683.jpg\" alt=\"\" class=\"wp-image-730\" srcset=\"https:\/\/mariablazina.hr\/wp-content\/uploads\/2025\/02\/IMG-20241130-WA0023-980x654.jpg 980w, https:\/\/mariablazina.hr\/wp-content\/uploads\/2025\/02\/IMG-20241130-WA0023-480x320.jpg 480w\" sizes=\"(min-width: 0px) and (max-width: 480px) 480px, (min-width: 481px) and (max-width: 980px) 980px, (min-width: 981px) 1024px, 100vw\" \/><\/figure>\n\n\n\n<figure class=\"wp-block-image size-large\"><img decoding=\"async\" width=\"1024\" height=\"683\" data-id=\"731\" src=\"https:\/\/mariablazina.hr\/wp-content\/uploads\/2025\/02\/IMG-20241130-WA0024-1024x683.jpg\" alt=\"\" class=\"wp-image-731\" srcset=\"https:\/\/mariablazina.hr\/wp-content\/uploads\/2025\/02\/IMG-20241130-WA0024-980x654.jpg 980w, https:\/\/mariablazina.hr\/wp-content\/uploads\/2025\/02\/IMG-20241130-WA0024-480x320.jpg 480w\" sizes=\"(min-width: 0px) and (max-width: 480px) 480px, (min-width: 481px) and (max-width: 980px) 980px, (min-width: 981px) 1024px, 100vw\" \/><\/figure>\n\n\n\n<figure class=\"wp-block-image size-large\"><img decoding=\"async\" width=\"1024\" height=\"683\" data-id=\"732\" src=\"https:\/\/mariablazina.hr\/wp-content\/uploads\/2025\/02\/IMG-20241130-WA0025-1024x683.jpg\" alt=\"\" class=\"wp-image-732\" srcset=\"https:\/\/mariablazina.hr\/wp-content\/uploads\/2025\/02\/IMG-20241130-WA0025-980x654.jpg 980w, https:\/\/mariablazina.hr\/wp-content\/uploads\/2025\/02\/IMG-20241130-WA0025-480x320.jpg 480w\" sizes=\"(min-width: 0px) and (max-width: 480px) 480px, (min-width: 481px) and (max-width: 980px) 980px, (min-width: 981px) 1024px, 100vw\" \/><\/figure>\n\n\n\n<figure class=\"wp-block-image size-large\"><img decoding=\"async\" width=\"1024\" height=\"683\" data-id=\"733\" src=\"https:\/\/mariablazina.hr\/wp-content\/uploads\/2025\/02\/IMG-20241130-WA0026-1024x683.jpg\" alt=\"\" class=\"wp-image-733\" srcset=\"https:\/\/mariablazina.hr\/wp-content\/uploads\/2025\/02\/IMG-20241130-WA0026-980x654.jpg 980w, https:\/\/mariablazina.hr\/wp-content\/uploads\/2025\/02\/IMG-20241130-WA0026-480x320.jpg 480w\" sizes=\"(min-width: 0px) and (max-width: 480px) 480px, (min-width: 481px) and (max-width: 980px) 980px, (min-width: 981px) 1024px, 100vw\" \/><\/figure>\n\n\n\n<figure class=\"wp-block-image size-large\"><img decoding=\"async\" width=\"1024\" height=\"683\" data-id=\"734\" src=\"https:\/\/mariablazina.hr\/wp-content\/uploads\/2025\/02\/IMG-20241130-WA0027-1024x683.jpg\" alt=\"\" class=\"wp-image-734\" srcset=\"https:\/\/mariablazina.hr\/wp-content\/uploads\/2025\/02\/IMG-20241130-WA0027-980x654.jpg 980w, https:\/\/mariablazina.hr\/wp-content\/uploads\/2025\/02\/IMG-20241130-WA0027-480x320.jpg 480w\" sizes=\"(min-width: 0px) and (max-width: 480px) 480px, (min-width: 481px) and (max-width: 980px) 980px, (min-width: 981px) 1024px, 100vw\" \/><\/figure>\n\n\n\n<figure class=\"wp-block-image size-large\"><img decoding=\"async\" width=\"1024\" height=\"683\" data-id=\"735\" src=\"https:\/\/mariablazina.hr\/wp-content\/uploads\/2025\/02\/IMG-20241130-WA0028-1024x683.jpg\" alt=\"\" class=\"wp-image-735\" srcset=\"https:\/\/mariablazina.hr\/wp-content\/uploads\/2025\/02\/IMG-20241130-WA0028-980x654.jpg 980w, https:\/\/mariablazina.hr\/wp-content\/uploads\/2025\/02\/IMG-20241130-WA0028-480x320.jpg 480w\" sizes=\"(min-width: 0px) and (max-width: 480px) 480px, (min-width: 481px) and (max-width: 980px) 980px, (min-width: 981px) 1024px, 100vw\" \/><\/figure>\n\n\n\n<figure class=\"wp-block-image size-large\"><img decoding=\"async\" width=\"1024\" height=\"683\" data-id=\"736\" src=\"https:\/\/mariablazina.hr\/wp-content\/uploads\/2025\/02\/IMG-20241130-WA0029-1024x683.jpg\" alt=\"\" class=\"wp-image-736\" srcset=\"https:\/\/mariablazina.hr\/wp-content\/uploads\/2025\/02\/IMG-20241130-WA0029-1024x683.jpg 1024w, https:\/\/mariablazina.hr\/wp-content\/uploads\/2025\/02\/IMG-20241130-WA0029-980x654.jpg 980w, https:\/\/mariablazina.hr\/wp-content\/uploads\/2025\/02\/IMG-20241130-WA0029-480x320.jpg 480w\" sizes=\"(min-width: 0px) and (max-width: 480px) 480px, (min-width: 481px) and (max-width: 980px) 980px, (min-width: 981px) 1024px, 100vw\" \/><\/figure>\n\n\n\n<figure class=\"wp-block-image size-large\"><img decoding=\"async\" width=\"1024\" height=\"683\" data-id=\"737\" src=\"https:\/\/mariablazina.hr\/wp-content\/uploads\/2025\/02\/IMG-20241130-WA0030-1024x683.jpg\" alt=\"\" class=\"wp-image-737\" srcset=\"https:\/\/mariablazina.hr\/wp-content\/uploads\/2025\/02\/IMG-20241130-WA0030-1024x683.jpg 1024w, https:\/\/mariablazina.hr\/wp-content\/uploads\/2025\/02\/IMG-20241130-WA0030-980x654.jpg 980w, https:\/\/mariablazina.hr\/wp-content\/uploads\/2025\/02\/IMG-20241130-WA0030-480x320.jpg 480w\" sizes=\"(min-width: 0px) and (max-width: 480px) 480px, (min-width: 481px) and (max-width: 980px) 980px, (min-width: 981px) 1024px, 100vw\" \/><\/figure>\n\n\n\n<figure class=\"wp-block-image size-large\"><img decoding=\"async\" width=\"1024\" height=\"683\" data-id=\"738\" src=\"https:\/\/mariablazina.hr\/wp-content\/uploads\/2025\/02\/IMG-20241130-WA0031-1024x683.jpg\" alt=\"\" class=\"wp-image-738\" srcset=\"https:\/\/mariablazina.hr\/wp-content\/uploads\/2025\/02\/IMG-20241130-WA0031-1024x683.jpg 1024w, https:\/\/mariablazina.hr\/wp-content\/uploads\/2025\/02\/IMG-20241130-WA0031-980x654.jpg 980w, https:\/\/mariablazina.hr\/wp-content\/uploads\/2025\/02\/IMG-20241130-WA0031-480x320.jpg 480w\" sizes=\"(min-width: 0px) and (max-width: 480px) 480px, (min-width: 481px) and (max-width: 980px) 980px, (min-width: 981px) 1024px, 100vw\" \/><\/figure>\n\n\n\n<figure class=\"wp-block-image size-large\"><img decoding=\"async\" width=\"1024\" height=\"683\" data-id=\"739\" src=\"https:\/\/mariablazina.hr\/wp-content\/uploads\/2025\/02\/IMG-20241130-WA0032-1024x683.jpg\" alt=\"\" class=\"wp-image-739\" srcset=\"https:\/\/mariablazina.hr\/wp-content\/uploads\/2025\/02\/IMG-20241130-WA0032-1024x683.jpg 1024w, https:\/\/mariablazina.hr\/wp-content\/uploads\/2025\/02\/IMG-20241130-WA0032-980x654.jpg 980w, https:\/\/mariablazina.hr\/wp-content\/uploads\/2025\/02\/IMG-20241130-WA0032-480x320.jpg 480w\" sizes=\"(min-width: 0px) and (max-width: 480px) 480px, (min-width: 481px) and (max-width: 980px) 980px, (min-width: 981px) 1024px, 100vw\" \/><\/figure>\n<\/figure>\n","protected":false},"excerpt":{"rendered":"<p>Venerd\u00ec scorso abbiamo avuto l\u2019opportunit\u00e0 di assistere alla presentazione del libro di memorie di Nevenka Uljani\u0107 Degobbis, in un\u2019accogliente atmosfera presso il Club dei Pensionati di Rovigno. Questo evento speciale ha riunito appassionati di letteratura e storia locale, offrendoci l\u2019opportunit\u00e0 di rivivere il passato attraverso le parole scritte dell&#8217;autrice. Sull&#8217;autrice e la sua opera Nevenka [&hellip;]<\/p>\n","protected":false},"author":2,"featured_media":1717,"comment_status":"open","ping_status":"open","sticky":false,"template":"","format":"standard","meta":{"_et_pb_use_builder":"off","_et_pb_old_content":"","_et_gb_content_width":"","footnotes":""},"categories":[459],"tags":[286,139,401,285,305,252,367,365,20,389,253,379,425],"class_list":["post-1817","post","type-post","status-publish","format-standard","has-post-thumbnail","hentry","category-cultura-e-letteratura","tag-arte","tag-cakavstina","tag-calendula-oleosa","tag-cultura","tag-eredita","tag-listria","tag-letteratura","tag-libro","tag-maria-blazina","tag-memorie","tag-rovigno","tag-storia-locale","tag-villaggio-di-rovigno"],"yoast_head":"<!-- This site is optimized with the Yoast SEO plugin v27.5 - https:\/\/yoast.com\/product\/yoast-seo-wordpress\/ -->\n<title>La presentazione del libro di memorie di Nevenka Uljani\u0107 Degobbis a Rovigno - mariablazina.hr<\/title>\n<meta name=\"robots\" content=\"index, follow, max-snippet:-1, max-image-preview:large, max-video-preview:-1\" \/>\n<link rel=\"canonical\" href=\"https:\/\/mariablazina.hr\/it\/cultura-e-letteratura\/la-presentazione-del-libro-di-memorie-di-nevenka-uljanic-degobbis-a-rovigno\/\" \/>\n<meta property=\"og:locale\" content=\"it_IT\" \/>\n<meta property=\"og:type\" content=\"article\" \/>\n<meta property=\"og:title\" content=\"La presentazione del libro di memorie di Nevenka Uljani\u0107 Degobbis a Rovigno - mariablazina.hr\" \/>\n<meta property=\"og:description\" content=\"Venerd\u00ec scorso abbiamo avuto l\u2019opportunit\u00e0 di assistere alla presentazione del libro di memorie di Nevenka Uljani\u0107 Degobbis, in un\u2019accogliente atmosfera presso il Club dei Pensionati di Rovigno. Questo evento speciale ha riunito appassionati di letteratura e storia locale, offrendoci l\u2019opportunit\u00e0 di rivivere il passato attraverso le parole scritte dell&#8217;autrice. Sull&#8217;autrice e la sua opera Nevenka [&hellip;]\" \/>\n<meta property=\"og:url\" content=\"https:\/\/mariablazina.hr\/it\/cultura-e-letteratura\/la-presentazione-del-libro-di-memorie-di-nevenka-uljanic-degobbis-a-rovigno\/\" \/>\n<meta property=\"og:site_name\" content=\"mariablazina.hr\" \/>\n<meta property=\"article:published_time\" content=\"2024-11-30T17:32:00+00:00\" \/>\n<meta property=\"article:modified_time\" content=\"2025-03-11T13:32:56+00:00\" \/>\n<meta property=\"og:image\" content=\"https:\/\/mariablazina.hr\/wp-content\/uploads\/2024\/11\/slike-22.png\" \/>\n\t<meta property=\"og:image:width\" content=\"1600\" \/>\n\t<meta property=\"og:image:height\" content=\"1200\" \/>\n\t<meta property=\"og:image:type\" content=\"image\/png\" \/>\n<meta name=\"author\" content=\"Maria Bla\u017eina\" \/>\n<meta name=\"twitter:card\" content=\"summary_large_image\" \/>\n<meta name=\"twitter:label1\" content=\"Scritto da\" \/>\n\t<meta name=\"twitter:data1\" content=\"Maria Bla\u017eina\" \/>\n\t<meta name=\"twitter:label2\" content=\"Tempo di lettura stimato\" \/>\n\t<meta name=\"twitter:data2\" content=\"1 minuto\" \/>\n<script type=\"application\/ld+json\" class=\"yoast-schema-graph\">{\"@context\":\"https:\\\/\\\/schema.org\",\"@graph\":[{\"@type\":\"Article\",\"@id\":\"https:\\\/\\\/mariablazina.hr\\\/it\\\/cultura-e-letteratura\\\/la-presentazione-del-libro-di-memorie-di-nevenka-uljanic-degobbis-a-rovigno\\\/#article\",\"isPartOf\":{\"@id\":\"https:\\\/\\\/mariablazina.hr\\\/it\\\/cultura-e-letteratura\\\/la-presentazione-del-libro-di-memorie-di-nevenka-uljanic-degobbis-a-rovigno\\\/\"},\"author\":{\"name\":\"Maria Bla\u017eina\",\"@id\":\"https:\\\/\\\/mariablazina.hr\\\/it\\\/#\\\/schema\\\/person\\\/b6be7a9ec2ea74359606d8007c4eb911\"},\"headline\":\"La presentazione del libro di memorie di Nevenka Uljani\u0107 Degobbis a Rovigno\",\"datePublished\":\"2024-11-30T17:32:00+00:00\",\"dateModified\":\"2025-03-11T13:32:56+00:00\",\"mainEntityOfPage\":{\"@id\":\"https:\\\/\\\/mariablazina.hr\\\/it\\\/cultura-e-letteratura\\\/la-presentazione-del-libro-di-memorie-di-nevenka-uljanic-degobbis-a-rovigno\\\/\"},\"wordCount\":264,\"commentCount\":0,\"publisher\":{\"@id\":\"https:\\\/\\\/mariablazina.hr\\\/it\\\/#\\\/schema\\\/person\\\/b6be7a9ec2ea74359606d8007c4eb911\"},\"image\":{\"@id\":\"https:\\\/\\\/mariablazina.hr\\\/it\\\/cultura-e-letteratura\\\/la-presentazione-del-libro-di-memorie-di-nevenka-uljanic-degobbis-a-rovigno\\\/#primaryimage\"},\"thumbnailUrl\":\"https:\\\/\\\/mariablazina.hr\\\/wp-content\\\/uploads\\\/2024\\\/11\\\/slike-22.png\",\"keywords\":[\"arte\",\"\u010dakav\u0161tina\",\"calendula oleosa\",\"cultura\",\"eredit\u00e0\",\"L'Istria\",\"letteratura\",\"libro\",\"Maria Bla\u017eina\",\"memorie\",\"Rovigno\",\"storia locale\",\"Villaggio di Rovigno\"],\"articleSection\":[\"Cultura e letteratura\"],\"inLanguage\":\"it-IT\",\"potentialAction\":[{\"@type\":\"CommentAction\",\"name\":\"Comment\",\"target\":[\"https:\\\/\\\/mariablazina.hr\\\/it\\\/cultura-e-letteratura\\\/la-presentazione-del-libro-di-memorie-di-nevenka-uljanic-degobbis-a-rovigno\\\/#respond\"]}]},{\"@type\":\"WebPage\",\"@id\":\"https:\\\/\\\/mariablazina.hr\\\/it\\\/cultura-e-letteratura\\\/la-presentazione-del-libro-di-memorie-di-nevenka-uljanic-degobbis-a-rovigno\\\/\",\"url\":\"https:\\\/\\\/mariablazina.hr\\\/it\\\/cultura-e-letteratura\\\/la-presentazione-del-libro-di-memorie-di-nevenka-uljanic-degobbis-a-rovigno\\\/\",\"name\":\"La presentazione del libro di memorie di Nevenka Uljani\u0107 Degobbis a Rovigno - mariablazina.hr\",\"isPartOf\":{\"@id\":\"https:\\\/\\\/mariablazina.hr\\\/it\\\/#website\"},\"primaryImageOfPage\":{\"@id\":\"https:\\\/\\\/mariablazina.hr\\\/it\\\/cultura-e-letteratura\\\/la-presentazione-del-libro-di-memorie-di-nevenka-uljanic-degobbis-a-rovigno\\\/#primaryimage\"},\"image\":{\"@id\":\"https:\\\/\\\/mariablazina.hr\\\/it\\\/cultura-e-letteratura\\\/la-presentazione-del-libro-di-memorie-di-nevenka-uljanic-degobbis-a-rovigno\\\/#primaryimage\"},\"thumbnailUrl\":\"https:\\\/\\\/mariablazina.hr\\\/wp-content\\\/uploads\\\/2024\\\/11\\\/slike-22.png\",\"datePublished\":\"2024-11-30T17:32:00+00:00\",\"dateModified\":\"2025-03-11T13:32:56+00:00\",\"breadcrumb\":{\"@id\":\"https:\\\/\\\/mariablazina.hr\\\/it\\\/cultura-e-letteratura\\\/la-presentazione-del-libro-di-memorie-di-nevenka-uljanic-degobbis-a-rovigno\\\/#breadcrumb\"},\"inLanguage\":\"it-IT\",\"potentialAction\":[{\"@type\":\"ReadAction\",\"target\":[\"https:\\\/\\\/mariablazina.hr\\\/it\\\/cultura-e-letteratura\\\/la-presentazione-del-libro-di-memorie-di-nevenka-uljanic-degobbis-a-rovigno\\\/\"]}]},{\"@type\":\"ImageObject\",\"inLanguage\":\"it-IT\",\"@id\":\"https:\\\/\\\/mariablazina.hr\\\/it\\\/cultura-e-letteratura\\\/la-presentazione-del-libro-di-memorie-di-nevenka-uljanic-degobbis-a-rovigno\\\/#primaryimage\",\"url\":\"https:\\\/\\\/mariablazina.hr\\\/wp-content\\\/uploads\\\/2024\\\/11\\\/slike-22.png\",\"contentUrl\":\"https:\\\/\\\/mariablazina.hr\\\/wp-content\\\/uploads\\\/2024\\\/11\\\/slike-22.png\",\"width\":1600,\"height\":1200},{\"@type\":\"BreadcrumbList\",\"@id\":\"https:\\\/\\\/mariablazina.hr\\\/it\\\/cultura-e-letteratura\\\/la-presentazione-del-libro-di-memorie-di-nevenka-uljanic-degobbis-a-rovigno\\\/#breadcrumb\",\"itemListElement\":[{\"@type\":\"ListItem\",\"position\":1,\"name\":\"Po\u010detna stranica\",\"item\":\"https:\\\/\\\/mariablazina.hr\\\/it\\\/\"},{\"@type\":\"ListItem\",\"position\":2,\"name\":\"La presentazione del libro di memorie di Nevenka Uljani\u0107 Degobbis a Rovigno\"}]},{\"@type\":\"WebSite\",\"@id\":\"https:\\\/\\\/mariablazina.hr\\\/it\\\/#website\",\"url\":\"https:\\\/\\\/mariablazina.hr\\\/it\\\/\",\"name\":\"mariablazina.hr\",\"description\":\"Slu\u017ebena stranica kandidatkinje za gradona\u010delnicu Grad Rovinja - Rovigno - Maria Bla\u017eina\",\"publisher\":{\"@id\":\"https:\\\/\\\/mariablazina.hr\\\/it\\\/#\\\/schema\\\/person\\\/b6be7a9ec2ea74359606d8007c4eb911\"},\"potentialAction\":[{\"@type\":\"SearchAction\",\"target\":{\"@type\":\"EntryPoint\",\"urlTemplate\":\"https:\\\/\\\/mariablazina.hr\\\/it\\\/?s={search_term_string}\"},\"query-input\":{\"@type\":\"PropertyValueSpecification\",\"valueRequired\":true,\"valueName\":\"search_term_string\"}}],\"inLanguage\":\"it-IT\"},{\"@type\":[\"Person\",\"Organization\"],\"@id\":\"https:\\\/\\\/mariablazina.hr\\\/it\\\/#\\\/schema\\\/person\\\/b6be7a9ec2ea74359606d8007c4eb911\",\"name\":\"Maria Bla\u017eina\",\"image\":{\"@type\":\"ImageObject\",\"inLanguage\":\"it-IT\",\"@id\":\"https:\\\/\\\/mariablazina.hr\\\/wp-content\\\/uploads\\\/2025\\\/03\\\/slika-3.1.jpg\",\"url\":\"https:\\\/\\\/mariablazina.hr\\\/wp-content\\\/uploads\\\/2025\\\/03\\\/slika-3.1.jpg\",\"contentUrl\":\"https:\\\/\\\/mariablazina.hr\\\/wp-content\\\/uploads\\\/2025\\\/03\\\/slika-3.1.jpg\",\"width\":1272,\"height\":848,\"caption\":\"Maria Bla\u017eina\"},\"logo\":{\"@id\":\"https:\\\/\\\/mariablazina.hr\\\/wp-content\\\/uploads\\\/2025\\\/03\\\/slika-3.1.jpg\"},\"sameAs\":[\"https:\\\/\\\/mariablazina.hr\\\/\"],\"url\":\"https:\\\/\\\/mariablazina.hr\\\/it\\\/author\\\/maria\\\/\"}]}<\/script>\n<!-- \/ Yoast SEO plugin. -->","yoast_head_json":{"title":"La presentazione del libro di memorie di Nevenka Uljani\u0107 Degobbis a Rovigno - mariablazina.hr","robots":{"index":"index","follow":"follow","max-snippet":"max-snippet:-1","max-image-preview":"max-image-preview:large","max-video-preview":"max-video-preview:-1"},"canonical":"https:\/\/mariablazina.hr\/it\/cultura-e-letteratura\/la-presentazione-del-libro-di-memorie-di-nevenka-uljanic-degobbis-a-rovigno\/","og_locale":"it_IT","og_type":"article","og_title":"La presentazione del libro di memorie di Nevenka Uljani\u0107 Degobbis a Rovigno - mariablazina.hr","og_description":"Venerd\u00ec scorso abbiamo avuto l\u2019opportunit\u00e0 di assistere alla presentazione del libro di memorie di Nevenka Uljani\u0107 Degobbis, in un\u2019accogliente atmosfera presso il Club dei Pensionati di Rovigno. Questo evento speciale ha riunito appassionati di letteratura e storia locale, offrendoci l\u2019opportunit\u00e0 di rivivere il passato attraverso le parole scritte dell&#8217;autrice. Sull&#8217;autrice e la sua opera Nevenka [&hellip;]","og_url":"https:\/\/mariablazina.hr\/it\/cultura-e-letteratura\/la-presentazione-del-libro-di-memorie-di-nevenka-uljanic-degobbis-a-rovigno\/","og_site_name":"mariablazina.hr","article_published_time":"2024-11-30T17:32:00+00:00","article_modified_time":"2025-03-11T13:32:56+00:00","og_image":[{"width":1600,"height":1200,"url":"https:\/\/mariablazina.hr\/wp-content\/uploads\/2024\/11\/slike-22.png","type":"image\/png"}],"author":"Maria Bla\u017eina","twitter_card":"summary_large_image","twitter_misc":{"Scritto da":"Maria Bla\u017eina","Tempo di lettura stimato":"1 minuto"},"schema":{"@context":"https:\/\/schema.org","@graph":[{"@type":"Article","@id":"https:\/\/mariablazina.hr\/it\/cultura-e-letteratura\/la-presentazione-del-libro-di-memorie-di-nevenka-uljanic-degobbis-a-rovigno\/#article","isPartOf":{"@id":"https:\/\/mariablazina.hr\/it\/cultura-e-letteratura\/la-presentazione-del-libro-di-memorie-di-nevenka-uljanic-degobbis-a-rovigno\/"},"author":{"name":"Maria Bla\u017eina","@id":"https:\/\/mariablazina.hr\/it\/#\/schema\/person\/b6be7a9ec2ea74359606d8007c4eb911"},"headline":"La presentazione del libro di memorie di Nevenka Uljani\u0107 Degobbis a Rovigno","datePublished":"2024-11-30T17:32:00+00:00","dateModified":"2025-03-11T13:32:56+00:00","mainEntityOfPage":{"@id":"https:\/\/mariablazina.hr\/it\/cultura-e-letteratura\/la-presentazione-del-libro-di-memorie-di-nevenka-uljanic-degobbis-a-rovigno\/"},"wordCount":264,"commentCount":0,"publisher":{"@id":"https:\/\/mariablazina.hr\/it\/#\/schema\/person\/b6be7a9ec2ea74359606d8007c4eb911"},"image":{"@id":"https:\/\/mariablazina.hr\/it\/cultura-e-letteratura\/la-presentazione-del-libro-di-memorie-di-nevenka-uljanic-degobbis-a-rovigno\/#primaryimage"},"thumbnailUrl":"https:\/\/mariablazina.hr\/wp-content\/uploads\/2024\/11\/slike-22.png","keywords":["arte","\u010dakav\u0161tina","calendula oleosa","cultura","eredit\u00e0","L'Istria","letteratura","libro","Maria Bla\u017eina","memorie","Rovigno","storia locale","Villaggio di Rovigno"],"articleSection":["Cultura e letteratura"],"inLanguage":"it-IT","potentialAction":[{"@type":"CommentAction","name":"Comment","target":["https:\/\/mariablazina.hr\/it\/cultura-e-letteratura\/la-presentazione-del-libro-di-memorie-di-nevenka-uljanic-degobbis-a-rovigno\/#respond"]}]},{"@type":"WebPage","@id":"https:\/\/mariablazina.hr\/it\/cultura-e-letteratura\/la-presentazione-del-libro-di-memorie-di-nevenka-uljanic-degobbis-a-rovigno\/","url":"https:\/\/mariablazina.hr\/it\/cultura-e-letteratura\/la-presentazione-del-libro-di-memorie-di-nevenka-uljanic-degobbis-a-rovigno\/","name":"La presentazione del libro di memorie di Nevenka Uljani\u0107 Degobbis a Rovigno - mariablazina.hr","isPartOf":{"@id":"https:\/\/mariablazina.hr\/it\/#website"},"primaryImageOfPage":{"@id":"https:\/\/mariablazina.hr\/it\/cultura-e-letteratura\/la-presentazione-del-libro-di-memorie-di-nevenka-uljanic-degobbis-a-rovigno\/#primaryimage"},"image":{"@id":"https:\/\/mariablazina.hr\/it\/cultura-e-letteratura\/la-presentazione-del-libro-di-memorie-di-nevenka-uljanic-degobbis-a-rovigno\/#primaryimage"},"thumbnailUrl":"https:\/\/mariablazina.hr\/wp-content\/uploads\/2024\/11\/slike-22.png","datePublished":"2024-11-30T17:32:00+00:00","dateModified":"2025-03-11T13:32:56+00:00","breadcrumb":{"@id":"https:\/\/mariablazina.hr\/it\/cultura-e-letteratura\/la-presentazione-del-libro-di-memorie-di-nevenka-uljanic-degobbis-a-rovigno\/#breadcrumb"},"inLanguage":"it-IT","potentialAction":[{"@type":"ReadAction","target":["https:\/\/mariablazina.hr\/it\/cultura-e-letteratura\/la-presentazione-del-libro-di-memorie-di-nevenka-uljanic-degobbis-a-rovigno\/"]}]},{"@type":"ImageObject","inLanguage":"it-IT","@id":"https:\/\/mariablazina.hr\/it\/cultura-e-letteratura\/la-presentazione-del-libro-di-memorie-di-nevenka-uljanic-degobbis-a-rovigno\/#primaryimage","url":"https:\/\/mariablazina.hr\/wp-content\/uploads\/2024\/11\/slike-22.png","contentUrl":"https:\/\/mariablazina.hr\/wp-content\/uploads\/2024\/11\/slike-22.png","width":1600,"height":1200},{"@type":"BreadcrumbList","@id":"https:\/\/mariablazina.hr\/it\/cultura-e-letteratura\/la-presentazione-del-libro-di-memorie-di-nevenka-uljanic-degobbis-a-rovigno\/#breadcrumb","itemListElement":[{"@type":"ListItem","position":1,"name":"Po\u010detna stranica","item":"https:\/\/mariablazina.hr\/it\/"},{"@type":"ListItem","position":2,"name":"La presentazione del libro di memorie di Nevenka Uljani\u0107 Degobbis a Rovigno"}]},{"@type":"WebSite","@id":"https:\/\/mariablazina.hr\/it\/#website","url":"https:\/\/mariablazina.hr\/it\/","name":"mariablazina.hr","description":"Slu\u017ebena stranica kandidatkinje za gradona\u010delnicu Grad Rovinja - Rovigno - Maria Bla\u017eina","publisher":{"@id":"https:\/\/mariablazina.hr\/it\/#\/schema\/person\/b6be7a9ec2ea74359606d8007c4eb911"},"potentialAction":[{"@type":"SearchAction","target":{"@type":"EntryPoint","urlTemplate":"https:\/\/mariablazina.hr\/it\/?s={search_term_string}"},"query-input":{"@type":"PropertyValueSpecification","valueRequired":true,"valueName":"search_term_string"}}],"inLanguage":"it-IT"},{"@type":["Person","Organization"],"@id":"https:\/\/mariablazina.hr\/it\/#\/schema\/person\/b6be7a9ec2ea74359606d8007c4eb911","name":"Maria Bla\u017eina","image":{"@type":"ImageObject","inLanguage":"it-IT","@id":"https:\/\/mariablazina.hr\/wp-content\/uploads\/2025\/03\/slika-3.1.jpg","url":"https:\/\/mariablazina.hr\/wp-content\/uploads\/2025\/03\/slika-3.1.jpg","contentUrl":"https:\/\/mariablazina.hr\/wp-content\/uploads\/2025\/03\/slika-3.1.jpg","width":1272,"height":848,"caption":"Maria Bla\u017eina"},"logo":{"@id":"https:\/\/mariablazina.hr\/wp-content\/uploads\/2025\/03\/slika-3.1.jpg"},"sameAs":["https:\/\/mariablazina.hr\/"],"url":"https:\/\/mariablazina.hr\/it\/author\/maria\/"}]}},"_links":{"self":[{"href":"https:\/\/mariablazina.hr\/it\/wp-json\/wp\/v2\/posts\/1817","targetHints":{"allow":["GET"]}}],"collection":[{"href":"https:\/\/mariablazina.hr\/it\/wp-json\/wp\/v2\/posts"}],"about":[{"href":"https:\/\/mariablazina.hr\/it\/wp-json\/wp\/v2\/types\/post"}],"author":[{"embeddable":true,"href":"https:\/\/mariablazina.hr\/it\/wp-json\/wp\/v2\/users\/2"}],"replies":[{"embeddable":true,"href":"https:\/\/mariablazina.hr\/it\/wp-json\/wp\/v2\/comments?post=1817"}],"version-history":[{"count":1,"href":"https:\/\/mariablazina.hr\/it\/wp-json\/wp\/v2\/posts\/1817\/revisions"}],"predecessor-version":[{"id":1818,"href":"https:\/\/mariablazina.hr\/it\/wp-json\/wp\/v2\/posts\/1817\/revisions\/1818"}],"wp:featuredmedia":[{"embeddable":true,"href":"https:\/\/mariablazina.hr\/it\/wp-json\/wp\/v2\/media\/1717"}],"wp:attachment":[{"href":"https:\/\/mariablazina.hr\/it\/wp-json\/wp\/v2\/media?parent=1817"}],"wp:term":[{"taxonomy":"category","embeddable":true,"href":"https:\/\/mariablazina.hr\/it\/wp-json\/wp\/v2\/categories?post=1817"},{"taxonomy":"post_tag","embeddable":true,"href":"https:\/\/mariablazina.hr\/it\/wp-json\/wp\/v2\/tags?post=1817"}],"curies":[{"name":"wp","href":"https:\/\/api.w.org\/{rel}","templated":true}]}}