{"id":1841,"date":"2024-09-20T11:15:00","date_gmt":"2024-09-20T10:15:00","guid":{"rendered":"https:\/\/mariablazina.hr\/senza-categoria\/concluso-caffe-con-i-cittadini-alla-batana\/"},"modified":"2025-03-23T13:42:52","modified_gmt":"2025-03-23T12:42:52","slug":"concluso-caffe-con-i-cittadini-alla-batana","status":"publish","type":"post","link":"https:\/\/mariablazina.hr\/it\/eventi\/concluso-caffe-con-i-cittadini-alla-batana\/","title":{"rendered":"CONCLUSO: Caff\u00e8 con i cittadini alla Batana"},"content":{"rendered":"\n<p><p><span style=\"font-weight: 400;\">\ud83d\udcc5 <\/span><b>Data:<\/b><span style=\"font-weight: 400;\"> 28 settembre 2024<\/span><span style=\"font-weight: 400;\"><br\/><\/span><span style=\"font-weight: 400;\"> \ud83d\udccd <\/span><b>Luogo:<\/b><span style=\"font-weight: 400;\"> Batana, Rovigno<\/span><span style=\"font-weight: 400;\"><br\/><\/span><span style=\"font-weight: 400;\"> \ud83d\udd5a <\/span><b>Orario:<\/b><span style=\"font-weight: 400;\"> 11:00<\/span><\/p><\/p>\n\n<p><\/p>\n\n<p>Cari cittadini di Rovigno,<\/p>\n\n<p>vi invito a un rilassante caff\u00e8 mattutino alla Batana! Sar\u00e0 un\u2019ottima occasione per incontrarci, scambiare opinioni e discutere di temi che vi stanno a cuore. Voglio ascoltare le vostre idee, proposte e domande: insieme possiamo costruire un Rovigno migliore!<\/p>\n\n<p>Non vedo l\u2019ora di incontrarvi e chiacchierare con voi. A presto!<\/p>\n","protected":false},"excerpt":{"rendered":"<p>\ud83d\udcc5 Data: 28 settembre 2024 \ud83d\udccd Luogo: Batana, Rovigno \ud83d\udd5a Orario: 11:00 Cari cittadini di Rovigno, vi invito a un rilassante caff\u00e8 mattutino alla Batana! Sar\u00e0 un\u2019ottima occasione per incontrarci, scambiare opinioni e discutere di temi che vi stanno a cuore. Voglio ascoltare le vostre idee, proposte e domande: insieme possiamo costruire un Rovigno migliore! [&hellip;]<\/p>\n","protected":false},"author":2,"featured_media":2135,"comment_status":"open","ping_status":"open","sticky":false,"template":"","format":"standard","meta":{"_et_pb_use_builder":"off","_et_pb_old_content":"","_et_gb_content_width":"","footnotes":""},"categories":[466],"tags":[358,447,423,410,346,426,252,20,378,253,322,419],"class_list":["post-1841","post","type-post","status-publish","format-standard","has-post-thumbnail","hentry","category-eventi","tag-caffe-con-i-cittadini","tag-comunita","tag-conversazione","tag-dialogo-aperto","tag-idee","tag-incontro","tag-listria","tag-maria-blazina","tag-politica-locale","tag-rovigno","tag-societa","tag-suggerimenti"],"yoast_head":"<!-- This site is optimized with the Yoast SEO plugin v27.4 - https:\/\/yoast.com\/product\/yoast-seo-wordpress\/ -->\n<title>CONCLUSO: Caff\u00e8 con i cittadini alla Batana - mariablazina.hr<\/title>\n<meta name=\"robots\" content=\"index, follow, max-snippet:-1, max-image-preview:large, max-video-preview:-1\" \/>\n<link rel=\"canonical\" href=\"https:\/\/mariablazina.hr\/it\/eventi\/concluso-caffe-con-i-cittadini-alla-batana\/\" \/>\n<meta property=\"og:locale\" content=\"it_IT\" \/>\n<meta property=\"og:type\" content=\"article\" \/>\n<meta property=\"og:title\" content=\"CONCLUSO: Caff\u00e8 con i cittadini alla Batana - mariablazina.hr\" \/>\n<meta property=\"og:description\" content=\"\ud83d\udcc5 Data: 28 settembre 2024 \ud83d\udccd Luogo: Batana, Rovigno \ud83d\udd5a Orario: 11:00 Cari cittadini di Rovigno, vi invito a un rilassante caff\u00e8 mattutino alla Batana! Sar\u00e0 un\u2019ottima occasione per incontrarci, scambiare opinioni e discutere di temi che vi stanno a cuore. Voglio ascoltare le vostre idee, proposte e domande: insieme possiamo costruire un Rovigno migliore! [&hellip;]\" \/>\n<meta property=\"og:url\" content=\"https:\/\/mariablazina.hr\/it\/eventi\/concluso-caffe-con-i-cittadini-alla-batana\/\" \/>\n<meta property=\"og:site_name\" content=\"mariablazina.hr\" \/>\n<meta property=\"article:published_time\" content=\"2024-09-20T10:15:00+00:00\" \/>\n<meta property=\"article:modified_time\" content=\"2025-03-23T12:42:52+00:00\" \/>\n<meta property=\"og:image\" content=\"https:\/\/mariablazina.hr\/wp-content\/uploads\/2024\/09\/slike-50.png\" \/>\n\t<meta property=\"og:image:width\" content=\"1600\" \/>\n\t<meta property=\"og:image:height\" content=\"1200\" \/>\n\t<meta property=\"og:image:type\" content=\"image\/png\" \/>\n<meta name=\"author\" content=\"Maria Bla\u017eina\" \/>\n<meta name=\"twitter:card\" content=\"summary_large_image\" \/>\n<meta name=\"twitter:label1\" content=\"Scritto da\" \/>\n\t<meta name=\"twitter:data1\" content=\"Maria Bla\u017eina\" \/>\n\t<meta name=\"twitter:label2\" content=\"Tempo di lettura stimato\" \/>\n\t<meta name=\"twitter:data2\" content=\"1 minuto\" \/>\n<script type=\"application\/ld+json\" class=\"yoast-schema-graph\">{\"@context\":\"https:\\\/\\\/schema.org\",\"@graph\":[{\"@type\":\"Article\",\"@id\":\"https:\\\/\\\/mariablazina.hr\\\/it\\\/eventi\\\/concluso-caffe-con-i-cittadini-alla-batana\\\/#article\",\"isPartOf\":{\"@id\":\"https:\\\/\\\/mariablazina.hr\\\/it\\\/eventi\\\/concluso-caffe-con-i-cittadini-alla-batana\\\/\"},\"author\":{\"name\":\"Maria Bla\u017eina\",\"@id\":\"https:\\\/\\\/mariablazina.hr\\\/it\\\/#\\\/schema\\\/person\\\/b6be7a9ec2ea74359606d8007c4eb911\"},\"headline\":\"CONCLUSO: Caff\u00e8 con i cittadini alla Batana\",\"datePublished\":\"2024-09-20T10:15:00+00:00\",\"dateModified\":\"2025-03-23T12:42:52+00:00\",\"mainEntityOfPage\":{\"@id\":\"https:\\\/\\\/mariablazina.hr\\\/it\\\/eventi\\\/concluso-caffe-con-i-cittadini-alla-batana\\\/\"},\"wordCount\":69,\"commentCount\":0,\"publisher\":{\"@id\":\"https:\\\/\\\/mariablazina.hr\\\/it\\\/#\\\/schema\\\/person\\\/b6be7a9ec2ea74359606d8007c4eb911\"},\"image\":{\"@id\":\"https:\\\/\\\/mariablazina.hr\\\/it\\\/eventi\\\/concluso-caffe-con-i-cittadini-alla-batana\\\/#primaryimage\"},\"thumbnailUrl\":\"https:\\\/\\\/mariablazina.hr\\\/wp-content\\\/uploads\\\/2024\\\/09\\\/slike-50.png\",\"keywords\":[\"caff\u00e8 con i cittadini\",\"comunit\u00e0\",\"conversazione\",\"dialogo aperto\",\"idee\",\"incontro\",\"L'Istria\",\"Maria Bla\u017eina\",\"politica locale\",\"Rovigno\",\"societ\u00e0\",\"suggerimenti\"],\"articleSection\":[\"Eventi\"],\"inLanguage\":\"it-IT\",\"potentialAction\":[{\"@type\":\"CommentAction\",\"name\":\"Comment\",\"target\":[\"https:\\\/\\\/mariablazina.hr\\\/it\\\/eventi\\\/concluso-caffe-con-i-cittadini-alla-batana\\\/#respond\"]}]},{\"@type\":\"WebPage\",\"@id\":\"https:\\\/\\\/mariablazina.hr\\\/it\\\/eventi\\\/concluso-caffe-con-i-cittadini-alla-batana\\\/\",\"url\":\"https:\\\/\\\/mariablazina.hr\\\/it\\\/eventi\\\/concluso-caffe-con-i-cittadini-alla-batana\\\/\",\"name\":\"CONCLUSO: Caff\u00e8 con i cittadini alla Batana - mariablazina.hr\",\"isPartOf\":{\"@id\":\"https:\\\/\\\/mariablazina.hr\\\/it\\\/#website\"},\"primaryImageOfPage\":{\"@id\":\"https:\\\/\\\/mariablazina.hr\\\/it\\\/eventi\\\/concluso-caffe-con-i-cittadini-alla-batana\\\/#primaryimage\"},\"image\":{\"@id\":\"https:\\\/\\\/mariablazina.hr\\\/it\\\/eventi\\\/concluso-caffe-con-i-cittadini-alla-batana\\\/#primaryimage\"},\"thumbnailUrl\":\"https:\\\/\\\/mariablazina.hr\\\/wp-content\\\/uploads\\\/2024\\\/09\\\/slike-50.png\",\"datePublished\":\"2024-09-20T10:15:00+00:00\",\"dateModified\":\"2025-03-23T12:42:52+00:00\",\"breadcrumb\":{\"@id\":\"https:\\\/\\\/mariablazina.hr\\\/it\\\/eventi\\\/concluso-caffe-con-i-cittadini-alla-batana\\\/#breadcrumb\"},\"inLanguage\":\"it-IT\",\"potentialAction\":[{\"@type\":\"ReadAction\",\"target\":[\"https:\\\/\\\/mariablazina.hr\\\/it\\\/eventi\\\/concluso-caffe-con-i-cittadini-alla-batana\\\/\"]}]},{\"@type\":\"ImageObject\",\"inLanguage\":\"it-IT\",\"@id\":\"https:\\\/\\\/mariablazina.hr\\\/it\\\/eventi\\\/concluso-caffe-con-i-cittadini-alla-batana\\\/#primaryimage\",\"url\":\"https:\\\/\\\/mariablazina.hr\\\/wp-content\\\/uploads\\\/2024\\\/09\\\/slike-50.png\",\"contentUrl\":\"https:\\\/\\\/mariablazina.hr\\\/wp-content\\\/uploads\\\/2024\\\/09\\\/slike-50.png\",\"width\":1600,\"height\":1200},{\"@type\":\"BreadcrumbList\",\"@id\":\"https:\\\/\\\/mariablazina.hr\\\/it\\\/eventi\\\/concluso-caffe-con-i-cittadini-alla-batana\\\/#breadcrumb\",\"itemListElement\":[{\"@type\":\"ListItem\",\"position\":1,\"name\":\"Po\u010detna stranica\",\"item\":\"https:\\\/\\\/mariablazina.hr\\\/it\\\/\"},{\"@type\":\"ListItem\",\"position\":2,\"name\":\"CONCLUSO: Caff\u00e8 con i cittadini alla Batana\"}]},{\"@type\":\"WebSite\",\"@id\":\"https:\\\/\\\/mariablazina.hr\\\/it\\\/#website\",\"url\":\"https:\\\/\\\/mariablazina.hr\\\/it\\\/\",\"name\":\"mariablazina.hr\",\"description\":\"Slu\u017ebena stranica kandidatkinje za gradona\u010delnicu Grad Rovinja - Rovigno - Maria Bla\u017eina\",\"publisher\":{\"@id\":\"https:\\\/\\\/mariablazina.hr\\\/it\\\/#\\\/schema\\\/person\\\/b6be7a9ec2ea74359606d8007c4eb911\"},\"potentialAction\":[{\"@type\":\"SearchAction\",\"target\":{\"@type\":\"EntryPoint\",\"urlTemplate\":\"https:\\\/\\\/mariablazina.hr\\\/it\\\/?s={search_term_string}\"},\"query-input\":{\"@type\":\"PropertyValueSpecification\",\"valueRequired\":true,\"valueName\":\"search_term_string\"}}],\"inLanguage\":\"it-IT\"},{\"@type\":[\"Person\",\"Organization\"],\"@id\":\"https:\\\/\\\/mariablazina.hr\\\/it\\\/#\\\/schema\\\/person\\\/b6be7a9ec2ea74359606d8007c4eb911\",\"name\":\"Maria Bla\u017eina\",\"image\":{\"@type\":\"ImageObject\",\"inLanguage\":\"it-IT\",\"@id\":\"https:\\\/\\\/mariablazina.hr\\\/wp-content\\\/uploads\\\/2025\\\/03\\\/slika-3.1.jpg\",\"url\":\"https:\\\/\\\/mariablazina.hr\\\/wp-content\\\/uploads\\\/2025\\\/03\\\/slika-3.1.jpg\",\"contentUrl\":\"https:\\\/\\\/mariablazina.hr\\\/wp-content\\\/uploads\\\/2025\\\/03\\\/slika-3.1.jpg\",\"width\":1272,\"height\":848,\"caption\":\"Maria Bla\u017eina\"},\"logo\":{\"@id\":\"https:\\\/\\\/mariablazina.hr\\\/wp-content\\\/uploads\\\/2025\\\/03\\\/slika-3.1.jpg\"},\"sameAs\":[\"https:\\\/\\\/mariablazina.hr\\\/\"],\"url\":\"https:\\\/\\\/mariablazina.hr\\\/it\\\/author\\\/maria\\\/\"}]}<\/script>\n<!-- \/ Yoast SEO plugin. -->","yoast_head_json":{"title":"CONCLUSO: Caff\u00e8 con i cittadini alla Batana - mariablazina.hr","robots":{"index":"index","follow":"follow","max-snippet":"max-snippet:-1","max-image-preview":"max-image-preview:large","max-video-preview":"max-video-preview:-1"},"canonical":"https:\/\/mariablazina.hr\/it\/eventi\/concluso-caffe-con-i-cittadini-alla-batana\/","og_locale":"it_IT","og_type":"article","og_title":"CONCLUSO: Caff\u00e8 con i cittadini alla Batana - mariablazina.hr","og_description":"\ud83d\udcc5 Data: 28 settembre 2024 \ud83d\udccd Luogo: Batana, Rovigno \ud83d\udd5a Orario: 11:00 Cari cittadini di Rovigno, vi invito a un rilassante caff\u00e8 mattutino alla Batana! Sar\u00e0 un\u2019ottima occasione per incontrarci, scambiare opinioni e discutere di temi che vi stanno a cuore. Voglio ascoltare le vostre idee, proposte e domande: insieme possiamo costruire un Rovigno migliore! [&hellip;]","og_url":"https:\/\/mariablazina.hr\/it\/eventi\/concluso-caffe-con-i-cittadini-alla-batana\/","og_site_name":"mariablazina.hr","article_published_time":"2024-09-20T10:15:00+00:00","article_modified_time":"2025-03-23T12:42:52+00:00","og_image":[{"width":1600,"height":1200,"url":"https:\/\/mariablazina.hr\/wp-content\/uploads\/2024\/09\/slike-50.png","type":"image\/png"}],"author":"Maria Bla\u017eina","twitter_card":"summary_large_image","twitter_misc":{"Scritto da":"Maria Bla\u017eina","Tempo di lettura stimato":"1 minuto"},"schema":{"@context":"https:\/\/schema.org","@graph":[{"@type":"Article","@id":"https:\/\/mariablazina.hr\/it\/eventi\/concluso-caffe-con-i-cittadini-alla-batana\/#article","isPartOf":{"@id":"https:\/\/mariablazina.hr\/it\/eventi\/concluso-caffe-con-i-cittadini-alla-batana\/"},"author":{"name":"Maria Bla\u017eina","@id":"https:\/\/mariablazina.hr\/it\/#\/schema\/person\/b6be7a9ec2ea74359606d8007c4eb911"},"headline":"CONCLUSO: Caff\u00e8 con i cittadini alla Batana","datePublished":"2024-09-20T10:15:00+00:00","dateModified":"2025-03-23T12:42:52+00:00","mainEntityOfPage":{"@id":"https:\/\/mariablazina.hr\/it\/eventi\/concluso-caffe-con-i-cittadini-alla-batana\/"},"wordCount":69,"commentCount":0,"publisher":{"@id":"https:\/\/mariablazina.hr\/it\/#\/schema\/person\/b6be7a9ec2ea74359606d8007c4eb911"},"image":{"@id":"https:\/\/mariablazina.hr\/it\/eventi\/concluso-caffe-con-i-cittadini-alla-batana\/#primaryimage"},"thumbnailUrl":"https:\/\/mariablazina.hr\/wp-content\/uploads\/2024\/09\/slike-50.png","keywords":["caff\u00e8 con i cittadini","comunit\u00e0","conversazione","dialogo aperto","idee","incontro","L'Istria","Maria Bla\u017eina","politica locale","Rovigno","societ\u00e0","suggerimenti"],"articleSection":["Eventi"],"inLanguage":"it-IT","potentialAction":[{"@type":"CommentAction","name":"Comment","target":["https:\/\/mariablazina.hr\/it\/eventi\/concluso-caffe-con-i-cittadini-alla-batana\/#respond"]}]},{"@type":"WebPage","@id":"https:\/\/mariablazina.hr\/it\/eventi\/concluso-caffe-con-i-cittadini-alla-batana\/","url":"https:\/\/mariablazina.hr\/it\/eventi\/concluso-caffe-con-i-cittadini-alla-batana\/","name":"CONCLUSO: Caff\u00e8 con i cittadini alla Batana - mariablazina.hr","isPartOf":{"@id":"https:\/\/mariablazina.hr\/it\/#website"},"primaryImageOfPage":{"@id":"https:\/\/mariablazina.hr\/it\/eventi\/concluso-caffe-con-i-cittadini-alla-batana\/#primaryimage"},"image":{"@id":"https:\/\/mariablazina.hr\/it\/eventi\/concluso-caffe-con-i-cittadini-alla-batana\/#primaryimage"},"thumbnailUrl":"https:\/\/mariablazina.hr\/wp-content\/uploads\/2024\/09\/slike-50.png","datePublished":"2024-09-20T10:15:00+00:00","dateModified":"2025-03-23T12:42:52+00:00","breadcrumb":{"@id":"https:\/\/mariablazina.hr\/it\/eventi\/concluso-caffe-con-i-cittadini-alla-batana\/#breadcrumb"},"inLanguage":"it-IT","potentialAction":[{"@type":"ReadAction","target":["https:\/\/mariablazina.hr\/it\/eventi\/concluso-caffe-con-i-cittadini-alla-batana\/"]}]},{"@type":"ImageObject","inLanguage":"it-IT","@id":"https:\/\/mariablazina.hr\/it\/eventi\/concluso-caffe-con-i-cittadini-alla-batana\/#primaryimage","url":"https:\/\/mariablazina.hr\/wp-content\/uploads\/2024\/09\/slike-50.png","contentUrl":"https:\/\/mariablazina.hr\/wp-content\/uploads\/2024\/09\/slike-50.png","width":1600,"height":1200},{"@type":"BreadcrumbList","@id":"https:\/\/mariablazina.hr\/it\/eventi\/concluso-caffe-con-i-cittadini-alla-batana\/#breadcrumb","itemListElement":[{"@type":"ListItem","position":1,"name":"Po\u010detna stranica","item":"https:\/\/mariablazina.hr\/it\/"},{"@type":"ListItem","position":2,"name":"CONCLUSO: Caff\u00e8 con i cittadini alla Batana"}]},{"@type":"WebSite","@id":"https:\/\/mariablazina.hr\/it\/#website","url":"https:\/\/mariablazina.hr\/it\/","name":"mariablazina.hr","description":"Slu\u017ebena stranica kandidatkinje za gradona\u010delnicu Grad Rovinja - Rovigno - Maria Bla\u017eina","publisher":{"@id":"https:\/\/mariablazina.hr\/it\/#\/schema\/person\/b6be7a9ec2ea74359606d8007c4eb911"},"potentialAction":[{"@type":"SearchAction","target":{"@type":"EntryPoint","urlTemplate":"https:\/\/mariablazina.hr\/it\/?s={search_term_string}"},"query-input":{"@type":"PropertyValueSpecification","valueRequired":true,"valueName":"search_term_string"}}],"inLanguage":"it-IT"},{"@type":["Person","Organization"],"@id":"https:\/\/mariablazina.hr\/it\/#\/schema\/person\/b6be7a9ec2ea74359606d8007c4eb911","name":"Maria Bla\u017eina","image":{"@type":"ImageObject","inLanguage":"it-IT","@id":"https:\/\/mariablazina.hr\/wp-content\/uploads\/2025\/03\/slika-3.1.jpg","url":"https:\/\/mariablazina.hr\/wp-content\/uploads\/2025\/03\/slika-3.1.jpg","contentUrl":"https:\/\/mariablazina.hr\/wp-content\/uploads\/2025\/03\/slika-3.1.jpg","width":1272,"height":848,"caption":"Maria Bla\u017eina"},"logo":{"@id":"https:\/\/mariablazina.hr\/wp-content\/uploads\/2025\/03\/slika-3.1.jpg"},"sameAs":["https:\/\/mariablazina.hr\/"],"url":"https:\/\/mariablazina.hr\/it\/author\/maria\/"}]}},"_links":{"self":[{"href":"https:\/\/mariablazina.hr\/it\/wp-json\/wp\/v2\/posts\/1841","targetHints":{"allow":["GET"]}}],"collection":[{"href":"https:\/\/mariablazina.hr\/it\/wp-json\/wp\/v2\/posts"}],"about":[{"href":"https:\/\/mariablazina.hr\/it\/wp-json\/wp\/v2\/types\/post"}],"author":[{"embeddable":true,"href":"https:\/\/mariablazina.hr\/it\/wp-json\/wp\/v2\/users\/2"}],"replies":[{"embeddable":true,"href":"https:\/\/mariablazina.hr\/it\/wp-json\/wp\/v2\/comments?post=1841"}],"version-history":[{"count":1,"href":"https:\/\/mariablazina.hr\/it\/wp-json\/wp\/v2\/posts\/1841\/revisions"}],"predecessor-version":[{"id":1842,"href":"https:\/\/mariablazina.hr\/it\/wp-json\/wp\/v2\/posts\/1841\/revisions\/1842"}],"wp:featuredmedia":[{"embeddable":true,"href":"https:\/\/mariablazina.hr\/it\/wp-json\/wp\/v2\/media\/2135"}],"wp:attachment":[{"href":"https:\/\/mariablazina.hr\/it\/wp-json\/wp\/v2\/media?parent=1841"}],"wp:term":[{"taxonomy":"category","embeddable":true,"href":"https:\/\/mariablazina.hr\/it\/wp-json\/wp\/v2\/categories?post=1841"},{"taxonomy":"post_tag","embeddable":true,"href":"https:\/\/mariablazina.hr\/it\/wp-json\/wp\/v2\/tags?post=1841"}],"curies":[{"name":"wp","href":"https:\/\/api.w.org\/{rel}","templated":true}]}}